{"id":964,"date":"2023-07-11T15:58:59","date_gmt":"2023-07-11T13:58:59","guid":{"rendered":"https:\/\/www.enertrag.fr\/sommieres-du-clain\/?p=964"},"modified":"2023-07-11T16:20:45","modified_gmt":"2023-07-11T14:20:45","slug":"decision-prefectorale","status":"publish","type":"post","link":"https:\/\/www.enertrag.fr\/sommieres-du-clain\/blog\/2023\/07\/11\/decision-prefectorale\/","title":{"rendered":"D\u00e9cision pr\u00e9fectorale"},"content":{"rendered":"\t\t<div data-elementor-type=\"wp-post\" data-elementor-id=\"964\" class=\"elementor elementor-964\" data-elementor-settings=\"{&quot;ha_cmc_init_switcher&quot;:&quot;no&quot;}\" data-elementor-post-type=\"post\">\n\t\t\t\t\t\t<section class=\"elementor-section elementor-top-section elementor-element elementor-element-59407ad elementor-section-boxed elementor-section-height-default elementor-section-height-default\" data-id=\"59407ad\" data-element_type=\"section\" data-e-type=\"section\" data-settings=\"{&quot;_ha_eqh_enable&quot;:false}\">\n\t\t\t\t\t\t<div class=\"elementor-container elementor-column-gap-default\">\n\t\t\t\t\t<div class=\"elementor-column elementor-col-100 elementor-top-column elementor-element elementor-element-359fb31\" data-id=\"359fb31\" data-element_type=\"column\" data-e-type=\"column\">\n\t\t\t<div class=\"elementor-widget-wrap elementor-element-populated\">\n\t\t\t\t\t\t<div class=\"elementor-element elementor-element-19d314f elementor-widget elementor-widget-text-editor\" data-id=\"19d314f\" data-element_type=\"widget\" data-e-type=\"widget\" data-widget_type=\"text-editor.default\">\n\t\t\t\t<div class=\"elementor-widget-container\">\n\t\t\t\t\t\t\t\t\t<p>Apr\u00e8s pr\u00e8s de deux ans et demi d\u2019instruction, la Pr\u00e9f\u00e8te du d\u00e9partement de la Vienne a d\u00e9livr\u00e9 un arr\u00eat\u00e9 de refus d\u2019autorisation environnementale pour notre projet de parc \u00e9olien de la Roche au Loup sur la commune de Sommi\u00e8res-du-Clain.<\/p><p>Tout au long du d\u00e9veloppement de ce projet, ENERTRAG a eu \u00e0 c\u0153ur de prendre en compte l\u2019int\u00e9gralit\u00e9 des enjeux pr\u00e9sents sur le territoire. En effet, l\u2019implantation et les mesures mises en place ont \u00e9t\u00e9 choisies en fonction des r\u00e9sultats des \u00e9tudes \u00e9cologiques, paysag\u00e8res et acoustiques et en collaboration avec la Mairie de Sommi\u00e8res-du-Clain qui nous a soutenus pendant 7 ans.<\/p><p>En ce sens, nous contestons cette d\u00e9cision pr\u00e9fectorale et d\u00e9poserons une requ\u00eate en annulation de cet arr\u00eat\u00e9 de refus devant la Cour d\u2019appel administrative de Bordeaux dans les d\u00e9lais l\u00e9gaux.<\/p>\t\t\t\t\t\t\t\t<\/div>\n\t\t\t\t<\/div>\n\t\t\t\t\t<\/div>\n\t\t<\/div>\n\t\t\t\t\t<\/div>\n\t\t<\/section>\n\t\t\t\t<\/div>\n\t\t","protected":false},"excerpt":{"rendered":"<p>Apr\u00e8s pr\u00e8s de deux ans et demi d\u2019instruction, la Pr\u00e9f\u00e8te du d\u00e9partement de la Vienne a d\u00e9livr\u00e9 un arr\u00eat\u00e9 de refus d\u2019autorisation environnementale pour notre projet de parc \u00e9olien de la Roche au Loup sur la commune de Sommi\u00e8res-du-Clain. Tout au long du d\u00e9veloppement de ce projet, ENERTRAG a eu \u00e0 c\u0153ur de prendre en [&hellip;]<\/p>\n","protected":false},"author":4,"featured_media":969,"comment_status":"closed","ping_status":"closed","sticky":false,"template":"","format":"standard","meta":{"_acf_changed":false,"footnotes":""},"categories":[1],"tags":[],"class_list":["post-964","post","type-post","status-publish","format-standard","has-post-thumbnail","hentry","category-non-classe"],"acf":[],"yoast_head":"<!-- This site is optimized with the Yoast SEO plugin v27.5 - https:\/\/yoast.com\/product\/yoast-seo-wordpress\/ -->\n<title>D\u00e9cision pr\u00e9fectorale - Sommi\u00e8res-du-Clain<\/title>\n<meta name=\"robots\" content=\"index, follow, max-snippet:-1, max-image-preview:large, max-video-preview:-1\" \/>\n<link rel=\"canonical\" href=\"https:\/\/www.enertrag.fr\/sommieres-du-clain\/blog\/2023\/07\/11\/decision-prefectorale\/\" \/>\n<meta property=\"og:locale\" content=\"fr_FR\" \/>\n<meta property=\"og:type\" content=\"article\" \/>\n<meta property=\"og:title\" content=\"D\u00e9cision pr\u00e9fectorale - Sommi\u00e8res-du-Clain\" \/>\n<meta property=\"og:description\" content=\"Apr\u00e8s pr\u00e8s de deux ans et demi d\u2019instruction, la Pr\u00e9f\u00e8te du d\u00e9partement de la Vienne a d\u00e9livr\u00e9 un arr\u00eat\u00e9 de refus d\u2019autorisation environnementale pour notre projet de parc \u00e9olien de la Roche au Loup sur la commune de Sommi\u00e8res-du-Clain. Tout au long du d\u00e9veloppement de ce projet, ENERTRAG a eu \u00e0 c\u0153ur de prendre en [&hellip;]\" \/>\n<meta property=\"og:url\" content=\"https:\/\/www.enertrag.fr\/sommieres-du-clain\/blog\/2023\/07\/11\/decision-prefectorale\/\" \/>\n<meta property=\"og:site_name\" content=\"Sommi\u00e8res-du-Clain\" \/>\n<meta property=\"article:published_time\" content=\"2023-07-11T13:58:59+00:00\" \/>\n<meta property=\"article:modified_time\" content=\"2023-07-11T14:20:45+00:00\" \/>\n<meta property=\"og:image\" content=\"https:\/\/www.enertrag.fr\/sommieres-du-clain\/wp-content\/uploads\/sites\/21\/2023\/07\/Actualite_prefet.jpg\" \/>\n\t<meta property=\"og:image:width\" content=\"1771\" \/>\n\t<meta property=\"og:image:height\" content=\"1146\" \/>\n\t<meta property=\"og:image:type\" content=\"image\/jpeg\" \/>\n<meta name=\"twitter:card\" content=\"summary_large_image\" \/>\n<meta name=\"twitter:label1\" content=\"\u00c9crit par\" \/>\n\t<meta name=\"twitter:data1\" content=\"\" \/>\n\t<meta name=\"twitter:label2\" content=\"Dur\u00e9e de lecture estim\u00e9e\" \/>\n\t<meta name=\"twitter:data2\" content=\"1 minute\" \/>\n<script type=\"application\/ld+json\" class=\"yoast-schema-graph\">{\"@context\":\"https:\\\/\\\/schema.org\",\"@graph\":[{\"@type\":\"Article\",\"@id\":\"https:\\\/\\\/www.enertrag.fr\\\/sommieres-du-clain\\\/blog\\\/2023\\\/07\\\/11\\\/decision-prefectorale\\\/#article\",\"isPartOf\":{\"@id\":\"https:\\\/\\\/www.enertrag.fr\\\/sommieres-du-clain\\\/blog\\\/2023\\\/07\\\/11\\\/decision-prefectorale\\\/\"},\"author\":{\"name\":\"\",\"@id\":\"\"},\"headline\":\"D\u00e9cision pr\u00e9fectorale\",\"datePublished\":\"2023-07-11T13:58:59+00:00\",\"dateModified\":\"2023-07-11T14:20:45+00:00\",\"mainEntityOfPage\":{\"@id\":\"https:\\\/\\\/www.enertrag.fr\\\/sommieres-du-clain\\\/blog\\\/2023\\\/07\\\/11\\\/decision-prefectorale\\\/\"},\"wordCount\":159,\"publisher\":{\"@id\":\"https:\\\/\\\/www.enertrag.fr\\\/sommieres-du-clain\\\/#organization\"},\"image\":{\"@id\":\"https:\\\/\\\/www.enertrag.fr\\\/sommieres-du-clain\\\/blog\\\/2023\\\/07\\\/11\\\/decision-prefectorale\\\/#primaryimage\"},\"thumbnailUrl\":\"https:\\\/\\\/www.enertrag.fr\\\/sommieres-du-clain\\\/wp-content\\\/uploads\\\/sites\\\/21\\\/2023\\\/07\\\/Actualite_prefet.jpg\",\"inLanguage\":\"fr-FR\"},{\"@type\":\"WebPage\",\"@id\":\"https:\\\/\\\/www.enertrag.fr\\\/sommieres-du-clain\\\/blog\\\/2023\\\/07\\\/11\\\/decision-prefectorale\\\/\",\"url\":\"https:\\\/\\\/www.enertrag.fr\\\/sommieres-du-clain\\\/blog\\\/2023\\\/07\\\/11\\\/decision-prefectorale\\\/\",\"name\":\"D\u00e9cision pr\u00e9fectorale - Sommi\u00e8res-du-Clain\",\"isPartOf\":{\"@id\":\"https:\\\/\\\/www.enertrag.fr\\\/sommieres-du-clain\\\/#website\"},\"primaryImageOfPage\":{\"@id\":\"https:\\\/\\\/www.enertrag.fr\\\/sommieres-du-clain\\\/blog\\\/2023\\\/07\\\/11\\\/decision-prefectorale\\\/#primaryimage\"},\"image\":{\"@id\":\"https:\\\/\\\/www.enertrag.fr\\\/sommieres-du-clain\\\/blog\\\/2023\\\/07\\\/11\\\/decision-prefectorale\\\/#primaryimage\"},\"thumbnailUrl\":\"https:\\\/\\\/www.enertrag.fr\\\/sommieres-du-clain\\\/wp-content\\\/uploads\\\/sites\\\/21\\\/2023\\\/07\\\/Actualite_prefet.jpg\",\"datePublished\":\"2023-07-11T13:58:59+00:00\",\"dateModified\":\"2023-07-11T14:20:45+00:00\",\"breadcrumb\":{\"@id\":\"https:\\\/\\\/www.enertrag.fr\\\/sommieres-du-clain\\\/blog\\\/2023\\\/07\\\/11\\\/decision-prefectorale\\\/#breadcrumb\"},\"inLanguage\":\"fr-FR\",\"potentialAction\":[{\"@type\":\"ReadAction\",\"target\":[\"https:\\\/\\\/www.enertrag.fr\\\/sommieres-du-clain\\\/blog\\\/2023\\\/07\\\/11\\\/decision-prefectorale\\\/\"]}]},{\"@type\":\"ImageObject\",\"inLanguage\":\"fr-FR\",\"@id\":\"https:\\\/\\\/www.enertrag.fr\\\/sommieres-du-clain\\\/blog\\\/2023\\\/07\\\/11\\\/decision-prefectorale\\\/#primaryimage\",\"url\":\"https:\\\/\\\/www.enertrag.fr\\\/sommieres-du-clain\\\/wp-content\\\/uploads\\\/sites\\\/21\\\/2023\\\/07\\\/Actualite_prefet.jpg\",\"contentUrl\":\"https:\\\/\\\/www.enertrag.fr\\\/sommieres-du-clain\\\/wp-content\\\/uploads\\\/sites\\\/21\\\/2023\\\/07\\\/Actualite_prefet.jpg\",\"width\":1771,\"height\":1146},{\"@type\":\"BreadcrumbList\",\"@id\":\"https:\\\/\\\/www.enertrag.fr\\\/sommieres-du-clain\\\/blog\\\/2023\\\/07\\\/11\\\/decision-prefectorale\\\/#breadcrumb\",\"itemListElement\":[{\"@type\":\"ListItem\",\"position\":1,\"name\":\"Accueil\",\"item\":\"https:\\\/\\\/www.enertrag.fr\\\/sommieres-du-clain\\\/\"},{\"@type\":\"ListItem\",\"position\":2,\"name\":\"D\u00e9cision pr\u00e9fectorale\"}]},{\"@type\":\"WebSite\",\"@id\":\"https:\\\/\\\/www.enertrag.fr\\\/sommieres-du-clain\\\/#website\",\"url\":\"https:\\\/\\\/www.enertrag.fr\\\/sommieres-du-clain\\\/\",\"name\":\"Sommi\u00e8res-du-Clain\",\"description\":\"\",\"publisher\":{\"@id\":\"https:\\\/\\\/www.enertrag.fr\\\/sommieres-du-clain\\\/#organization\"},\"potentialAction\":[{\"@type\":\"SearchAction\",\"target\":{\"@type\":\"EntryPoint\",\"urlTemplate\":\"https:\\\/\\\/www.enertrag.fr\\\/sommieres-du-clain\\\/?s={search_term_string}\"},\"query-input\":{\"@type\":\"PropertyValueSpecification\",\"valueRequired\":true,\"valueName\":\"search_term_string\"}}],\"inLanguage\":\"fr-FR\"},{\"@type\":\"Organization\",\"@id\":\"https:\\\/\\\/www.enertrag.fr\\\/sommieres-du-clain\\\/#organization\",\"name\":\"Sommi\u00e8res-du-Clain\",\"url\":\"https:\\\/\\\/www.enertrag.fr\\\/sommieres-du-clain\\\/\",\"logo\":{\"@type\":\"ImageObject\",\"inLanguage\":\"fr-FR\",\"@id\":\"https:\\\/\\\/www.enertrag.fr\\\/sommieres-du-clain\\\/#\\\/schema\\\/logo\\\/image\\\/\",\"url\":\"https:\\\/\\\/www.enertrag.fr\\\/sommieres-du-clain\\\/wp-content\\\/uploads\\\/sites\\\/21\\\/2023\\\/01\\\/ENERTRAG_Logo.png\",\"contentUrl\":\"https:\\\/\\\/www.enertrag.fr\\\/sommieres-du-clain\\\/wp-content\\\/uploads\\\/sites\\\/21\\\/2023\\\/01\\\/ENERTRAG_Logo.png\",\"width\":500,\"height\":161,\"caption\":\"Sommi\u00e8res-du-Clain\"},\"image\":{\"@id\":\"https:\\\/\\\/www.enertrag.fr\\\/sommieres-du-clain\\\/#\\\/schema\\\/logo\\\/image\\\/\"}},{\"@type\":\"Person\",\"@id\":\"\",\"url\":\"https:\\\/\\\/www.enertrag.fr\\\/sommieres-du-clain\\\/blog\\\/author\\\/\"}]}<\/script>\n<!-- \/ Yoast SEO plugin. -->","yoast_head_json":{"title":"D\u00e9cision pr\u00e9fectorale - Sommi\u00e8res-du-Clain","robots":{"index":"index","follow":"follow","max-snippet":"max-snippet:-1","max-image-preview":"max-image-preview:large","max-video-preview":"max-video-preview:-1"},"canonical":"https:\/\/www.enertrag.fr\/sommieres-du-clain\/blog\/2023\/07\/11\/decision-prefectorale\/","og_locale":"fr_FR","og_type":"article","og_title":"D\u00e9cision pr\u00e9fectorale - Sommi\u00e8res-du-Clain","og_description":"Apr\u00e8s pr\u00e8s de deux ans et demi d\u2019instruction, la Pr\u00e9f\u00e8te du d\u00e9partement de la Vienne a d\u00e9livr\u00e9 un arr\u00eat\u00e9 de refus d\u2019autorisation environnementale pour notre projet de parc \u00e9olien de la Roche au Loup sur la commune de Sommi\u00e8res-du-Clain. Tout au long du d\u00e9veloppement de ce projet, ENERTRAG a eu \u00e0 c\u0153ur de prendre en [&hellip;]","og_url":"https:\/\/www.enertrag.fr\/sommieres-du-clain\/blog\/2023\/07\/11\/decision-prefectorale\/","og_site_name":"Sommi\u00e8res-du-Clain","article_published_time":"2023-07-11T13:58:59+00:00","article_modified_time":"2023-07-11T14:20:45+00:00","og_image":[{"width":1771,"height":1146,"url":"https:\/\/www.enertrag.fr\/sommieres-du-clain\/wp-content\/uploads\/sites\/21\/2023\/07\/Actualite_prefet.jpg","type":"image\/jpeg"}],"twitter_card":"summary_large_image","twitter_misc":{"\u00c9crit par":"","Dur\u00e9e de lecture estim\u00e9e":"1 minute"},"schema":{"@context":"https:\/\/schema.org","@graph":[{"@type":"Article","@id":"https:\/\/www.enertrag.fr\/sommieres-du-clain\/blog\/2023\/07\/11\/decision-prefectorale\/#article","isPartOf":{"@id":"https:\/\/www.enertrag.fr\/sommieres-du-clain\/blog\/2023\/07\/11\/decision-prefectorale\/"},"author":{"name":"","@id":""},"headline":"D\u00e9cision pr\u00e9fectorale","datePublished":"2023-07-11T13:58:59+00:00","dateModified":"2023-07-11T14:20:45+00:00","mainEntityOfPage":{"@id":"https:\/\/www.enertrag.fr\/sommieres-du-clain\/blog\/2023\/07\/11\/decision-prefectorale\/"},"wordCount":159,"publisher":{"@id":"https:\/\/www.enertrag.fr\/sommieres-du-clain\/#organization"},"image":{"@id":"https:\/\/www.enertrag.fr\/sommieres-du-clain\/blog\/2023\/07\/11\/decision-prefectorale\/#primaryimage"},"thumbnailUrl":"https:\/\/www.enertrag.fr\/sommieres-du-clain\/wp-content\/uploads\/sites\/21\/2023\/07\/Actualite_prefet.jpg","inLanguage":"fr-FR"},{"@type":"WebPage","@id":"https:\/\/www.enertrag.fr\/sommieres-du-clain\/blog\/2023\/07\/11\/decision-prefectorale\/","url":"https:\/\/www.enertrag.fr\/sommieres-du-clain\/blog\/2023\/07\/11\/decision-prefectorale\/","name":"D\u00e9cision pr\u00e9fectorale - Sommi\u00e8res-du-Clain","isPartOf":{"@id":"https:\/\/www.enertrag.fr\/sommieres-du-clain\/#website"},"primaryImageOfPage":{"@id":"https:\/\/www.enertrag.fr\/sommieres-du-clain\/blog\/2023\/07\/11\/decision-prefectorale\/#primaryimage"},"image":{"@id":"https:\/\/www.enertrag.fr\/sommieres-du-clain\/blog\/2023\/07\/11\/decision-prefectorale\/#primaryimage"},"thumbnailUrl":"https:\/\/www.enertrag.fr\/sommieres-du-clain\/wp-content\/uploads\/sites\/21\/2023\/07\/Actualite_prefet.jpg","datePublished":"2023-07-11T13:58:59+00:00","dateModified":"2023-07-11T14:20:45+00:00","breadcrumb":{"@id":"https:\/\/www.enertrag.fr\/sommieres-du-clain\/blog\/2023\/07\/11\/decision-prefectorale\/#breadcrumb"},"inLanguage":"fr-FR","potentialAction":[{"@type":"ReadAction","target":["https:\/\/www.enertrag.fr\/sommieres-du-clain\/blog\/2023\/07\/11\/decision-prefectorale\/"]}]},{"@type":"ImageObject","inLanguage":"fr-FR","@id":"https:\/\/www.enertrag.fr\/sommieres-du-clain\/blog\/2023\/07\/11\/decision-prefectorale\/#primaryimage","url":"https:\/\/www.enertrag.fr\/sommieres-du-clain\/wp-content\/uploads\/sites\/21\/2023\/07\/Actualite_prefet.jpg","contentUrl":"https:\/\/www.enertrag.fr\/sommieres-du-clain\/wp-content\/uploads\/sites\/21\/2023\/07\/Actualite_prefet.jpg","width":1771,"height":1146},{"@type":"BreadcrumbList","@id":"https:\/\/www.enertrag.fr\/sommieres-du-clain\/blog\/2023\/07\/11\/decision-prefectorale\/#breadcrumb","itemListElement":[{"@type":"ListItem","position":1,"name":"Accueil","item":"https:\/\/www.enertrag.fr\/sommieres-du-clain\/"},{"@type":"ListItem","position":2,"name":"D\u00e9cision pr\u00e9fectorale"}]},{"@type":"WebSite","@id":"https:\/\/www.enertrag.fr\/sommieres-du-clain\/#website","url":"https:\/\/www.enertrag.fr\/sommieres-du-clain\/","name":"Sommi\u00e8res-du-Clain","description":"","publisher":{"@id":"https:\/\/www.enertrag.fr\/sommieres-du-clain\/#organization"},"potentialAction":[{"@type":"SearchAction","target":{"@type":"EntryPoint","urlTemplate":"https:\/\/www.enertrag.fr\/sommieres-du-clain\/?s={search_term_string}"},"query-input":{"@type":"PropertyValueSpecification","valueRequired":true,"valueName":"search_term_string"}}],"inLanguage":"fr-FR"},{"@type":"Organization","@id":"https:\/\/www.enertrag.fr\/sommieres-du-clain\/#organization","name":"Sommi\u00e8res-du-Clain","url":"https:\/\/www.enertrag.fr\/sommieres-du-clain\/","logo":{"@type":"ImageObject","inLanguage":"fr-FR","@id":"https:\/\/www.enertrag.fr\/sommieres-du-clain\/#\/schema\/logo\/image\/","url":"https:\/\/www.enertrag.fr\/sommieres-du-clain\/wp-content\/uploads\/sites\/21\/2023\/01\/ENERTRAG_Logo.png","contentUrl":"https:\/\/www.enertrag.fr\/sommieres-du-clain\/wp-content\/uploads\/sites\/21\/2023\/01\/ENERTRAG_Logo.png","width":500,"height":161,"caption":"Sommi\u00e8res-du-Clain"},"image":{"@id":"https:\/\/www.enertrag.fr\/sommieres-du-clain\/#\/schema\/logo\/image\/"}},{"@type":"Person","@id":"","url":"https:\/\/www.enertrag.fr\/sommieres-du-clain\/blog\/author\/"}]}},"_links":{"self":[{"href":"https:\/\/www.enertrag.fr\/sommieres-du-clain\/wp-json\/wp\/v2\/posts\/964","targetHints":{"allow":["GET"]}}],"collection":[{"href":"https:\/\/www.enertrag.fr\/sommieres-du-clain\/wp-json\/wp\/v2\/posts"}],"about":[{"href":"https:\/\/www.enertrag.fr\/sommieres-du-clain\/wp-json\/wp\/v2\/types\/post"}],"author":[{"embeddable":true,"href":"https:\/\/www.enertrag.fr\/sommieres-du-clain\/wp-json\/wp\/v2\/users\/4"}],"replies":[{"embeddable":true,"href":"https:\/\/www.enertrag.fr\/sommieres-du-clain\/wp-json\/wp\/v2\/comments?post=964"}],"version-history":[{"count":0,"href":"https:\/\/www.enertrag.fr\/sommieres-du-clain\/wp-json\/wp\/v2\/posts\/964\/revisions"}],"wp:featuredmedia":[{"embeddable":true,"href":"https:\/\/www.enertrag.fr\/sommieres-du-clain\/wp-json\/wp\/v2\/media\/969"}],"wp:attachment":[{"href":"https:\/\/www.enertrag.fr\/sommieres-du-clain\/wp-json\/wp\/v2\/media?parent=964"}],"wp:term":[{"taxonomy":"category","embeddable":true,"href":"https:\/\/www.enertrag.fr\/sommieres-du-clain\/wp-json\/wp\/v2\/categories?post=964"},{"taxonomy":"post_tag","embeddable":true,"href":"https:\/\/www.enertrag.fr\/sommieres-du-clain\/wp-json\/wp\/v2\/tags?post=964"}],"curies":[{"name":"wp","href":"https:\/\/api.w.org\/{rel}","templated":true}]}}