{"id":803,"date":"2025-10-08T18:11:26","date_gmt":"2025-10-08T16:11:26","guid":{"rendered":"https:\/\/www.enertrag.fr\/gommeville\/?p=803"},"modified":"2025-10-08T18:11:55","modified_gmt":"2025-10-08T16:11:55","slug":"gommeville-territoire-favorable-au-developpement-des-enr-et-du-photovoltaique-au-sol","status":"publish","type":"post","link":"https:\/\/www.enertrag.fr\/gommeville\/blog\/2025\/10\/08\/gommeville-territoire-favorable-au-developpement-des-enr-et-du-photovoltaique-au-sol\/","title":{"rendered":"Gomm\u00e9ville, territoire favorable au d\u00e9veloppement des ENR et du photovolta\u00efque au sol"},"content":{"rendered":"\t\t<div data-elementor-type=\"wp-post\" data-elementor-id=\"803\" class=\"elementor elementor-803\" data-elementor-settings=\"{&quot;ha_cmc_init_switcher&quot;:&quot;no&quot;}\" data-elementor-post-type=\"post\">\n\t\t\t\t\t\t<section class=\"elementor-section elementor-top-section elementor-element elementor-element-f1647d3 elementor-section-boxed elementor-section-height-default elementor-section-height-default\" data-id=\"f1647d3\" data-element_type=\"section\" data-e-type=\"section\" data-settings=\"{&quot;_ha_eqh_enable&quot;:false}\">\n\t\t\t\t\t\t<div class=\"elementor-container elementor-column-gap-default\">\n\t\t\t\t\t<div class=\"elementor-column elementor-col-100 elementor-top-column elementor-element elementor-element-046903f\" data-id=\"046903f\" data-element_type=\"column\" data-e-type=\"column\">\n\t\t\t<div class=\"elementor-widget-wrap elementor-element-populated\">\n\t\t\t\t\t\t<div class=\"elementor-element elementor-element-add7c99 elementor-widget elementor-widget-text-editor\" data-id=\"add7c99\" data-element_type=\"widget\" data-e-type=\"widget\" data-widget_type=\"text-editor.default\">\n\t\t\t\t<div class=\"elementor-widget-container\">\n\t\t\t\t\t\t\t\t\t<p>En d\u00e9cembre 2023, la commune de Gomm\u00e9ville a d\u00e9lib\u00e9r\u00e9 concernant les zones d\u2019acc\u00e9l\u00e9ration des \u00e9nergies renouvelables.<\/p><p>Le foncier des projets port\u00e9s par ENERTRAG et la Commune de Gomm\u00e9ville ont \u00e9t\u00e9 identifi\u00e9s comme appartenant \u00e0 des zones favorables \u00e0 l\u2019acc\u00e9l\u00e9ration du d\u00e9veloppement du photovolta\u00efque au sol.<\/p>\t\t\t\t\t\t\t\t<\/div>\n\t\t\t\t<\/div>\n\t\t\t\t\t<\/div>\n\t\t<\/div>\n\t\t\t\t\t<\/div>\n\t\t<\/section>\n\t\t\t\t<section class=\"elementor-section elementor-top-section elementor-element elementor-element-4e8fdb8 elementor-section-boxed elementor-section-height-default elementor-section-height-default\" data-id=\"4e8fdb8\" data-element_type=\"section\" data-e-type=\"section\" data-settings=\"{&quot;_ha_eqh_enable&quot;:false}\">\n\t\t\t\t\t\t<div class=\"elementor-container elementor-column-gap-default\">\n\t\t\t\t\t<div class=\"elementor-column elementor-col-100 elementor-top-column elementor-element elementor-element-ccb7df4\" data-id=\"ccb7df4\" data-element_type=\"column\" data-e-type=\"column\">\n\t\t\t<div class=\"elementor-widget-wrap elementor-element-populated\">\n\t\t\t\t\t\t<div class=\"elementor-element elementor-element-aef3b15 elementor-widget elementor-widget-spacer\" data-id=\"aef3b15\" data-element_type=\"widget\" data-e-type=\"widget\" data-widget_type=\"spacer.default\">\n\t\t\t\t<div class=\"elementor-widget-container\">\n\t\t\t\t\t\t\t<div class=\"elementor-spacer\">\n\t\t\t<div class=\"elementor-spacer-inner\"><\/div>\n\t\t<\/div>\n\t\t\t\t\t\t<\/div>\n\t\t\t\t<\/div>\n\t\t\t\t\t<\/div>\n\t\t<\/div>\n\t\t\t\t\t<\/div>\n\t\t<\/section>\n\t\t\t\t<\/div>\n\t\t","protected":false},"excerpt":{"rendered":"<p>En d\u00e9cembre 2023, la commune de Gomm\u00e9ville a d\u00e9lib\u00e9r\u00e9 concernant les zones d\u2019acc\u00e9l\u00e9ration des \u00e9nergies renouvelables. Le foncier des projets port\u00e9s par ENERTRAG et la Commune de Gomm\u00e9ville ont \u00e9t\u00e9 identifi\u00e9s comme appartenant \u00e0 des zones favorables \u00e0 l\u2019acc\u00e9l\u00e9ration du d\u00e9veloppement du photovolta\u00efque au sol.<\/p>\n","protected":false},"author":9,"featured_media":0,"comment_status":"closed","ping_status":"closed","sticky":false,"template":"","format":"standard","meta":{"_acf_changed":false,"footnotes":""},"categories":[1],"tags":[],"class_list":["post-803","post","type-post","status-publish","format-standard","hentry","category-non-classe"],"acf":[],"yoast_head":"<!-- This site is optimized with the Yoast SEO plugin v27.5 - https:\/\/yoast.com\/product\/yoast-seo-wordpress\/ -->\n<title>Gomm\u00e9ville, territoire favorable au d\u00e9veloppement des ENR et du photovolta\u00efque au sol - Gommeville<\/title>\n<meta name=\"robots\" content=\"index, follow, max-snippet:-1, max-image-preview:large, max-video-preview:-1\" \/>\n<link rel=\"canonical\" href=\"https:\/\/www.enertrag.fr\/gommeville\/blog\/2025\/10\/08\/gommeville-territoire-favorable-au-developpement-des-enr-et-du-photovoltaique-au-sol\/\" \/>\n<meta property=\"og:locale\" content=\"fr_FR\" \/>\n<meta property=\"og:type\" content=\"article\" \/>\n<meta property=\"og:title\" content=\"Gomm\u00e9ville, territoire favorable au d\u00e9veloppement des ENR et du photovolta\u00efque au sol - Gommeville\" \/>\n<meta property=\"og:description\" content=\"En d\u00e9cembre 2023, la commune de Gomm\u00e9ville a d\u00e9lib\u00e9r\u00e9 concernant les zones d\u2019acc\u00e9l\u00e9ration des \u00e9nergies renouvelables. Le foncier des projets port\u00e9s par ENERTRAG et la Commune de Gomm\u00e9ville ont \u00e9t\u00e9 identifi\u00e9s comme appartenant \u00e0 des zones favorables \u00e0 l\u2019acc\u00e9l\u00e9ration du d\u00e9veloppement du photovolta\u00efque au sol.\" \/>\n<meta property=\"og:url\" content=\"https:\/\/www.enertrag.fr\/gommeville\/blog\/2025\/10\/08\/gommeville-territoire-favorable-au-developpement-des-enr-et-du-photovoltaique-au-sol\/\" \/>\n<meta property=\"og:site_name\" content=\"Gommeville\" \/>\n<meta property=\"article:published_time\" content=\"2025-10-08T16:11:26+00:00\" \/>\n<meta property=\"article:modified_time\" content=\"2025-10-08T16:11:55+00:00\" \/>\n<meta name=\"author\" content=\"zineb\" \/>\n<meta name=\"twitter:card\" content=\"summary_large_image\" \/>\n<meta name=\"twitter:label1\" content=\"\u00c9crit par\" \/>\n\t<meta name=\"twitter:data1\" content=\"zineb\" \/>\n\t<meta name=\"twitter:label2\" content=\"Dur\u00e9e de lecture estim\u00e9e\" \/>\n\t<meta name=\"twitter:data2\" content=\"1 minute\" \/>\n<script type=\"application\/ld+json\" class=\"yoast-schema-graph\">{\"@context\":\"https:\\\/\\\/schema.org\",\"@graph\":[{\"@type\":\"Article\",\"@id\":\"https:\\\/\\\/www.enertrag.fr\\\/gommeville\\\/blog\\\/2025\\\/10\\\/08\\\/gommeville-territoire-favorable-au-developpement-des-enr-et-du-photovoltaique-au-sol\\\/#article\",\"isPartOf\":{\"@id\":\"https:\\\/\\\/www.enertrag.fr\\\/gommeville\\\/blog\\\/2025\\\/10\\\/08\\\/gommeville-territoire-favorable-au-developpement-des-enr-et-du-photovoltaique-au-sol\\\/\"},\"author\":{\"name\":\"zineb\",\"@id\":\"https:\\\/\\\/www.enertrag.fr\\\/gommeville\\\/#\\\/schema\\\/person\\\/8476e938914dd3656a478304f64353e6\"},\"headline\":\"Gomm\u00e9ville, territoire favorable au d\u00e9veloppement des ENR et du photovolta\u00efque au sol\",\"datePublished\":\"2025-10-08T16:11:26+00:00\",\"dateModified\":\"2025-10-08T16:11:55+00:00\",\"mainEntityOfPage\":{\"@id\":\"https:\\\/\\\/www.enertrag.fr\\\/gommeville\\\/blog\\\/2025\\\/10\\\/08\\\/gommeville-territoire-favorable-au-developpement-des-enr-et-du-photovoltaique-au-sol\\\/\"},\"wordCount\":72,\"publisher\":{\"@id\":\"https:\\\/\\\/www.enertrag.fr\\\/gommeville\\\/#organization\"},\"inLanguage\":\"fr-FR\"},{\"@type\":\"WebPage\",\"@id\":\"https:\\\/\\\/www.enertrag.fr\\\/gommeville\\\/blog\\\/2025\\\/10\\\/08\\\/gommeville-territoire-favorable-au-developpement-des-enr-et-du-photovoltaique-au-sol\\\/\",\"url\":\"https:\\\/\\\/www.enertrag.fr\\\/gommeville\\\/blog\\\/2025\\\/10\\\/08\\\/gommeville-territoire-favorable-au-developpement-des-enr-et-du-photovoltaique-au-sol\\\/\",\"name\":\"Gomm\u00e9ville, territoire favorable au d\u00e9veloppement des ENR et du photovolta\u00efque au sol - Gommeville\",\"isPartOf\":{\"@id\":\"https:\\\/\\\/www.enertrag.fr\\\/gommeville\\\/#website\"},\"datePublished\":\"2025-10-08T16:11:26+00:00\",\"dateModified\":\"2025-10-08T16:11:55+00:00\",\"breadcrumb\":{\"@id\":\"https:\\\/\\\/www.enertrag.fr\\\/gommeville\\\/blog\\\/2025\\\/10\\\/08\\\/gommeville-territoire-favorable-au-developpement-des-enr-et-du-photovoltaique-au-sol\\\/#breadcrumb\"},\"inLanguage\":\"fr-FR\",\"potentialAction\":[{\"@type\":\"ReadAction\",\"target\":[\"https:\\\/\\\/www.enertrag.fr\\\/gommeville\\\/blog\\\/2025\\\/10\\\/08\\\/gommeville-territoire-favorable-au-developpement-des-enr-et-du-photovoltaique-au-sol\\\/\"]}]},{\"@type\":\"BreadcrumbList\",\"@id\":\"https:\\\/\\\/www.enertrag.fr\\\/gommeville\\\/blog\\\/2025\\\/10\\\/08\\\/gommeville-territoire-favorable-au-developpement-des-enr-et-du-photovoltaique-au-sol\\\/#breadcrumb\",\"itemListElement\":[{\"@type\":\"ListItem\",\"position\":1,\"name\":\"Accueil\",\"item\":\"https:\\\/\\\/www.enertrag.fr\\\/gommeville\\\/\"},{\"@type\":\"ListItem\",\"position\":2,\"name\":\"Gomm\u00e9ville, territoire favorable au d\u00e9veloppement des ENR et du photovolta\u00efque au sol\"}]},{\"@type\":\"WebSite\",\"@id\":\"https:\\\/\\\/www.enertrag.fr\\\/gommeville\\\/#website\",\"url\":\"https:\\\/\\\/www.enertrag.fr\\\/gommeville\\\/\",\"name\":\"Gommeville\",\"description\":\"\",\"publisher\":{\"@id\":\"https:\\\/\\\/www.enertrag.fr\\\/gommeville\\\/#organization\"},\"potentialAction\":[{\"@type\":\"SearchAction\",\"target\":{\"@type\":\"EntryPoint\",\"urlTemplate\":\"https:\\\/\\\/www.enertrag.fr\\\/gommeville\\\/?s={search_term_string}\"},\"query-input\":{\"@type\":\"PropertyValueSpecification\",\"valueRequired\":true,\"valueName\":\"search_term_string\"}}],\"inLanguage\":\"fr-FR\"},{\"@type\":\"Organization\",\"@id\":\"https:\\\/\\\/www.enertrag.fr\\\/gommeville\\\/#organization\",\"name\":\"Gommeville\",\"url\":\"https:\\\/\\\/www.enertrag.fr\\\/gommeville\\\/\",\"logo\":{\"@type\":\"ImageObject\",\"inLanguage\":\"fr-FR\",\"@id\":\"https:\\\/\\\/www.enertrag.fr\\\/gommeville\\\/#\\\/schema\\\/logo\\\/image\\\/\",\"url\":\"https:\\\/\\\/www.enertrag.fr\\\/gommeville\\\/wp-content\\\/uploads\\\/sites\\\/14\\\/2023\\\/01\\\/ENERTRAG_Logo.png\",\"contentUrl\":\"https:\\\/\\\/www.enertrag.fr\\\/gommeville\\\/wp-content\\\/uploads\\\/sites\\\/14\\\/2023\\\/01\\\/ENERTRAG_Logo.png\",\"width\":500,\"height\":161,\"caption\":\"Gommeville\"},\"image\":{\"@id\":\"https:\\\/\\\/www.enertrag.fr\\\/gommeville\\\/#\\\/schema\\\/logo\\\/image\\\/\"}},{\"@type\":\"Person\",\"@id\":\"https:\\\/\\\/www.enertrag.fr\\\/gommeville\\\/#\\\/schema\\\/person\\\/8476e938914dd3656a478304f64353e6\",\"name\":\"zineb\",\"image\":{\"@type\":\"ImageObject\",\"inLanguage\":\"fr-FR\",\"@id\":\"https:\\\/\\\/secure.gravatar.com\\\/avatar\\\/339bc0808a53d514cc3d6d30e3b836c29d6bb58c83e4f4232d48f1dec2419e2f?s=96&d=mm&r=g\",\"url\":\"https:\\\/\\\/secure.gravatar.com\\\/avatar\\\/339bc0808a53d514cc3d6d30e3b836c29d6bb58c83e4f4232d48f1dec2419e2f?s=96&d=mm&r=g\",\"contentUrl\":\"https:\\\/\\\/secure.gravatar.com\\\/avatar\\\/339bc0808a53d514cc3d6d30e3b836c29d6bb58c83e4f4232d48f1dec2419e2f?s=96&d=mm&r=g\",\"caption\":\"zineb\"},\"url\":\"https:\\\/\\\/www.enertrag.fr\\\/gommeville\\\/blog\\\/author\\\/zineb\\\/\"}]}<\/script>\n<!-- \/ Yoast SEO plugin. -->","yoast_head_json":{"title":"Gomm\u00e9ville, territoire favorable au d\u00e9veloppement des ENR et du photovolta\u00efque au sol - Gommeville","robots":{"index":"index","follow":"follow","max-snippet":"max-snippet:-1","max-image-preview":"max-image-preview:large","max-video-preview":"max-video-preview:-1"},"canonical":"https:\/\/www.enertrag.fr\/gommeville\/blog\/2025\/10\/08\/gommeville-territoire-favorable-au-developpement-des-enr-et-du-photovoltaique-au-sol\/","og_locale":"fr_FR","og_type":"article","og_title":"Gomm\u00e9ville, territoire favorable au d\u00e9veloppement des ENR et du photovolta\u00efque au sol - Gommeville","og_description":"En d\u00e9cembre 2023, la commune de Gomm\u00e9ville a d\u00e9lib\u00e9r\u00e9 concernant les zones d\u2019acc\u00e9l\u00e9ration des \u00e9nergies renouvelables. Le foncier des projets port\u00e9s par ENERTRAG et la Commune de Gomm\u00e9ville ont \u00e9t\u00e9 identifi\u00e9s comme appartenant \u00e0 des zones favorables \u00e0 l\u2019acc\u00e9l\u00e9ration du d\u00e9veloppement du photovolta\u00efque au sol.","og_url":"https:\/\/www.enertrag.fr\/gommeville\/blog\/2025\/10\/08\/gommeville-territoire-favorable-au-developpement-des-enr-et-du-photovoltaique-au-sol\/","og_site_name":"Gommeville","article_published_time":"2025-10-08T16:11:26+00:00","article_modified_time":"2025-10-08T16:11:55+00:00","author":"zineb","twitter_card":"summary_large_image","twitter_misc":{"\u00c9crit par":"zineb","Dur\u00e9e de lecture estim\u00e9e":"1 minute"},"schema":{"@context":"https:\/\/schema.org","@graph":[{"@type":"Article","@id":"https:\/\/www.enertrag.fr\/gommeville\/blog\/2025\/10\/08\/gommeville-territoire-favorable-au-developpement-des-enr-et-du-photovoltaique-au-sol\/#article","isPartOf":{"@id":"https:\/\/www.enertrag.fr\/gommeville\/blog\/2025\/10\/08\/gommeville-territoire-favorable-au-developpement-des-enr-et-du-photovoltaique-au-sol\/"},"author":{"name":"zineb","@id":"https:\/\/www.enertrag.fr\/gommeville\/#\/schema\/person\/8476e938914dd3656a478304f64353e6"},"headline":"Gomm\u00e9ville, territoire favorable au d\u00e9veloppement des ENR et du photovolta\u00efque au sol","datePublished":"2025-10-08T16:11:26+00:00","dateModified":"2025-10-08T16:11:55+00:00","mainEntityOfPage":{"@id":"https:\/\/www.enertrag.fr\/gommeville\/blog\/2025\/10\/08\/gommeville-territoire-favorable-au-developpement-des-enr-et-du-photovoltaique-au-sol\/"},"wordCount":72,"publisher":{"@id":"https:\/\/www.enertrag.fr\/gommeville\/#organization"},"inLanguage":"fr-FR"},{"@type":"WebPage","@id":"https:\/\/www.enertrag.fr\/gommeville\/blog\/2025\/10\/08\/gommeville-territoire-favorable-au-developpement-des-enr-et-du-photovoltaique-au-sol\/","url":"https:\/\/www.enertrag.fr\/gommeville\/blog\/2025\/10\/08\/gommeville-territoire-favorable-au-developpement-des-enr-et-du-photovoltaique-au-sol\/","name":"Gomm\u00e9ville, territoire favorable au d\u00e9veloppement des ENR et du photovolta\u00efque au sol - Gommeville","isPartOf":{"@id":"https:\/\/www.enertrag.fr\/gommeville\/#website"},"datePublished":"2025-10-08T16:11:26+00:00","dateModified":"2025-10-08T16:11:55+00:00","breadcrumb":{"@id":"https:\/\/www.enertrag.fr\/gommeville\/blog\/2025\/10\/08\/gommeville-territoire-favorable-au-developpement-des-enr-et-du-photovoltaique-au-sol\/#breadcrumb"},"inLanguage":"fr-FR","potentialAction":[{"@type":"ReadAction","target":["https:\/\/www.enertrag.fr\/gommeville\/blog\/2025\/10\/08\/gommeville-territoire-favorable-au-developpement-des-enr-et-du-photovoltaique-au-sol\/"]}]},{"@type":"BreadcrumbList","@id":"https:\/\/www.enertrag.fr\/gommeville\/blog\/2025\/10\/08\/gommeville-territoire-favorable-au-developpement-des-enr-et-du-photovoltaique-au-sol\/#breadcrumb","itemListElement":[{"@type":"ListItem","position":1,"name":"Accueil","item":"https:\/\/www.enertrag.fr\/gommeville\/"},{"@type":"ListItem","position":2,"name":"Gomm\u00e9ville, territoire favorable au d\u00e9veloppement des ENR et du photovolta\u00efque au sol"}]},{"@type":"WebSite","@id":"https:\/\/www.enertrag.fr\/gommeville\/#website","url":"https:\/\/www.enertrag.fr\/gommeville\/","name":"Gommeville","description":"","publisher":{"@id":"https:\/\/www.enertrag.fr\/gommeville\/#organization"},"potentialAction":[{"@type":"SearchAction","target":{"@type":"EntryPoint","urlTemplate":"https:\/\/www.enertrag.fr\/gommeville\/?s={search_term_string}"},"query-input":{"@type":"PropertyValueSpecification","valueRequired":true,"valueName":"search_term_string"}}],"inLanguage":"fr-FR"},{"@type":"Organization","@id":"https:\/\/www.enertrag.fr\/gommeville\/#organization","name":"Gommeville","url":"https:\/\/www.enertrag.fr\/gommeville\/","logo":{"@type":"ImageObject","inLanguage":"fr-FR","@id":"https:\/\/www.enertrag.fr\/gommeville\/#\/schema\/logo\/image\/","url":"https:\/\/www.enertrag.fr\/gommeville\/wp-content\/uploads\/sites\/14\/2023\/01\/ENERTRAG_Logo.png","contentUrl":"https:\/\/www.enertrag.fr\/gommeville\/wp-content\/uploads\/sites\/14\/2023\/01\/ENERTRAG_Logo.png","width":500,"height":161,"caption":"Gommeville"},"image":{"@id":"https:\/\/www.enertrag.fr\/gommeville\/#\/schema\/logo\/image\/"}},{"@type":"Person","@id":"https:\/\/www.enertrag.fr\/gommeville\/#\/schema\/person\/8476e938914dd3656a478304f64353e6","name":"zineb","image":{"@type":"ImageObject","inLanguage":"fr-FR","@id":"https:\/\/secure.gravatar.com\/avatar\/339bc0808a53d514cc3d6d30e3b836c29d6bb58c83e4f4232d48f1dec2419e2f?s=96&d=mm&r=g","url":"https:\/\/secure.gravatar.com\/avatar\/339bc0808a53d514cc3d6d30e3b836c29d6bb58c83e4f4232d48f1dec2419e2f?s=96&d=mm&r=g","contentUrl":"https:\/\/secure.gravatar.com\/avatar\/339bc0808a53d514cc3d6d30e3b836c29d6bb58c83e4f4232d48f1dec2419e2f?s=96&d=mm&r=g","caption":"zineb"},"url":"https:\/\/www.enertrag.fr\/gommeville\/blog\/author\/zineb\/"}]}},"_links":{"self":[{"href":"https:\/\/www.enertrag.fr\/gommeville\/wp-json\/wp\/v2\/posts\/803","targetHints":{"allow":["GET"]}}],"collection":[{"href":"https:\/\/www.enertrag.fr\/gommeville\/wp-json\/wp\/v2\/posts"}],"about":[{"href":"https:\/\/www.enertrag.fr\/gommeville\/wp-json\/wp\/v2\/types\/post"}],"author":[{"embeddable":true,"href":"https:\/\/www.enertrag.fr\/gommeville\/wp-json\/wp\/v2\/users\/9"}],"replies":[{"embeddable":true,"href":"https:\/\/www.enertrag.fr\/gommeville\/wp-json\/wp\/v2\/comments?post=803"}],"version-history":[{"count":0,"href":"https:\/\/www.enertrag.fr\/gommeville\/wp-json\/wp\/v2\/posts\/803\/revisions"}],"wp:attachment":[{"href":"https:\/\/www.enertrag.fr\/gommeville\/wp-json\/wp\/v2\/media?parent=803"}],"wp:term":[{"taxonomy":"category","embeddable":true,"href":"https:\/\/www.enertrag.fr\/gommeville\/wp-json\/wp\/v2\/categories?post=803"},{"taxonomy":"post_tag","embeddable":true,"href":"https:\/\/www.enertrag.fr\/gommeville\/wp-json\/wp\/v2\/tags?post=803"}],"curies":[{"name":"wp","href":"https:\/\/api.w.org\/{rel}","templated":true}]}}