{"id":794,"date":"2025-10-08T17:25:12","date_gmt":"2025-10-08T15:25:12","guid":{"rendered":"https:\/\/www.enertrag.fr\/gommeville\/?p=794"},"modified":"2025-10-08T17:27:07","modified_gmt":"2025-10-08T15:27:07","slug":"lenquete-publique-relative-au-projet-aura-lieu-du-mardi-30-septembre-14h-au-vendredi-31-octobre-17h","status":"publish","type":"post","link":"https:\/\/www.enertrag.fr\/gommeville\/blog\/2025\/10\/08\/lenquete-publique-relative-au-projet-aura-lieu-du-mardi-30-septembre-14h-au-vendredi-31-octobre-17h\/","title":{"rendered":"L\u2019Enqu\u00eate publique relative au projet aura lieu du mardi 30 septembre (14h) au vendredi 31 octobre \u00a0(17h)"},"content":{"rendered":"\t\t<div data-elementor-type=\"wp-post\" data-elementor-id=\"794\" class=\"elementor elementor-794\" data-elementor-settings=\"{&quot;ha_cmc_init_switcher&quot;:&quot;no&quot;}\" data-elementor-post-type=\"post\">\n\t\t\t\t\t\t<section class=\"elementor-section elementor-top-section elementor-element elementor-element-f1647d3 elementor-section-boxed elementor-section-height-default elementor-section-height-default\" data-id=\"f1647d3\" data-element_type=\"section\" data-e-type=\"section\" data-settings=\"{&quot;_ha_eqh_enable&quot;:false}\">\n\t\t\t\t\t\t<div class=\"elementor-container elementor-column-gap-default\">\n\t\t\t\t\t<div class=\"elementor-column elementor-col-100 elementor-top-column elementor-element elementor-element-046903f\" data-id=\"046903f\" data-element_type=\"column\" data-e-type=\"column\">\n\t\t\t<div class=\"elementor-widget-wrap elementor-element-populated\">\n\t\t\t\t\t\t<div class=\"elementor-element elementor-element-add7c99 elementor-widget elementor-widget-text-editor\" data-id=\"add7c99\" data-element_type=\"widget\" data-e-type=\"widget\" data-widget_type=\"text-editor.default\">\n\t\t\t\t<div class=\"elementor-widget-container\">\n\t\t\t\t\t\t\t\t\t<p>Par arr\u00eat\u00e9 pr\u00e9fectoral n\u00b0 1295, du 22\/08\/2025, est organis\u00e9e du 30 septembre 2025 \u00e0 14h00 au 31 octobre 2025 inclus \u00e0 17h00, soit 31 jours cons\u00e9cutifs, une enqu\u00eate publique unique relative aux demandes, de deux permis de construire d\u2019un parc solaire photovolta\u00efque au sol, et de deux demandes d\u2019autorisation de d\u00e9frichement sur le territoire de la commune de Gomm\u00e9ville, d&rsquo;une puissance cr\u00eate totale cumul\u00e9e de 11,38 MWc, d\u00e9pos\u00e9e par la soci\u00e9t\u00e9 ENERTRAG Bourgogne Gomm\u00e9ville.<\/p>\n<p>Pendant toute la dur\u00e9e de l\u2019enqu\u00eate, le dossier comprenant notamment les pi\u00e8ces des permis de construire dont une \u00e9tude d\u2019impact, l\u2019avis de la mission r\u00e9gionale de l\u2019autorit\u00e9 environnementale et d\u2019autre part les deux demandes d\u2019autorisation de d\u00e9frichement sont consultables :<\/p>\n<ul>\n<li>sur support papier \u00e0 la direction d\u00e9partementale des territoires, 57 rue de Mulhouse \u00e0 Dijon, au service urbanisme connaissance appui aux territoires (SUCAT) b\u00e2timent A bureau 106, de 9 h 15 \u00e0 11 h 15 et de 14h 00 \u00e0 16 h 00 du lundi au vendredi.<\/li>\n<\/ul>\n<ul>\n<li>sur le site internet de la Pr\u00e9fecture, pendant toute la dur\u00e9e de l\u2019enqu\u00eate :<\/li>\n<\/ul>\n<p>Accueil &gt; Actions de l&rsquo;\u00c9tat &gt; Environnement &gt; Energies renouvelables &gt; Enqu\u00eates publiques concernant les projets de centrales solaires photovolta\u00efques<\/p>\n<ul>\n<li>sur support papier et sur un poste informatique en mairie de Gomm\u00e9ville, aux jours et heures habituels d&rsquo;ouverture des bureaux au public.<\/li>\n<\/ul>\n<ul>\n<li>Sur un registre d\u00e9mat\u00e9rialis\u00e9 pour la consultation du dossier mis en place \u00e0 l\u2019adresse suivante :<\/li>\n<\/ul>\n<p>https:\/\/www.registre-dematerialise.fr\/6572<\/p>\n<p><\/p>\n<ul>\n<li>Adresse e-mail associ\u00e9e au registre d\u00e9mat\u00e9rialis\u00e9 :<\/li>\n<\/ul>\n<p>&#8211; <u>adresse du registre num\u00e9rique <\/u>: (cette adresse est uniquement utilis\u00e9e pour le d\u00e9p\u00f4t des contributions et non la consultation du dossier dans le registre)<\/p>\n<p>https:\/\/www.registre-dematerialise.fr\/6572<\/p>\n<p>&#8211; <u>adresse e-mail de d\u00e9p\u00f4t des contributions <\/u>:(cette adresse est uniquement utilis\u00e9e pour le d\u00e9p\u00f4t des contributions et non la consultation du dossier dans le registre)<\/p>\n<p>enquete-publique-6572@registre-dematerialise.fr<\/p>\n<p>Durant cette m\u00eame p\u00e9riode, le public pourra consigner ses observations, propositions et contre-propositions \u00e9crites sur le registre d\u2019enqu\u00eate ouvert \u00e0 cet effet, \u00e9tabli sur feuillets non mobiles, c\u00f4t\u00e9 et paraph\u00e9 par le commissaire enqu\u00eateur, et tenu \u00e0 sa disposition en mairie de Gomm\u00e9ville.<\/p>\n<p>Les observations, propositions et contre-propositions peuvent \u00e9galement \u00eatre adress\u00e9es au commissaire enqu\u00eateur, par voie postale en mairie de Gomm\u00e9ville, avant la cl\u00f4ture de l\u2019enqu\u00eate soit le 31\/10\/2025 avant 17h00 :<\/p>\n<ul>\n<li>Sur un registre d\u00e9mat\u00e9rialis\u00e9 :<\/li>\n<\/ul>\n<p>https:\/\/www.registre-dematerialise.fr\/6572<\/p>\n<ul>\n<li>\u00c0 l\u2019adresse e-mail associ\u00e9e au registre d\u00e9mat\u00e9rialis\u00e9 :<\/li>\n<\/ul>\n<p>enquete-publique-6572@registre-dematerialise.fr<\/p>\n<p>Monsieur Daniel COLLARD, d\u00e9sign\u00e9 en qualit\u00e9 de commissaire enqu\u00eateur se tiendra \u00e0 la disposition du public :<\/p>\n<p>en mairie de Gomm\u00e9ville aux jours et heures pr\u00e9cis\u00e9s ci-dessous :<\/p>\n<ul>\n<li>Mardi 30 septembre 2025 de 14h00 \u00e0 17h00<\/li>\n<li>Samedi 11 octobre 2025 de 9h00 \u00e0 12h00<\/li>\n<li>Mardi 21 octobre 2025 de 14h00 \u00e0 17h00<\/li>\n<li>Vendredi 31 octobre 2025 de 14h00 \u00e0 17h00<\/li>\n<\/ul>\n<p>Des renseignements sur le projet peuvent \u00eatre demand\u00e9s \u00e0 :<\/p>\n<p>Monsieur Simon DREANO \u2013 ENERTRAG FRANCE Tel: 06 72 87 78 12<\/p>\n<p>simon.dreano@enertrag.com<\/p>\n<p>Le dossier d\u2019enqu\u00eate publique est communicable \u00e0 toute personne qui en fera la demande aupr\u00e8s de madame la directrice d\u00e9partementale des territoires (direction d\u00e9partementale des territoires \u2013 57 rue de Mulhouse -21000 DIJON), et \u00e0 ses frais, d\u00e8s la publication de l\u2019arr\u00eat\u00e9 d\u2019ouverture de l\u2019enqu\u00eate publique.<\/p>\n<p>Le Pr\u00e9fet de la C\u00f4te-d\u2019Or est comp\u00e9tent pour accorder ou refuser les permis de construire.<\/p>\n<p>Pendant un an \u00e0 compter de la cl\u00f4ture de l&rsquo;enqu\u00eate, le rapport et les conclusions du commissaire-enqu\u00eateur seront tenus \u00e0 la disposition du public en mairie de Gomm\u00e9ville, \u00e0 la direction d\u00e9partementale des territoires \u2013 57 rue de Mulhouse \u2013 21000 DIJON et sur le site internet de la pr\u00e9fecture : Accueil &gt; Actions de l&rsquo;\u00c9tat &gt; Environnement &gt; Energies renouvelables &gt; Enqu\u00eates publiques concernant les projets de centrales solaires photovolta\u00efques<\/p>\n<p><strong>&nbsp;<\/strong><\/p>\n<p><\/p>\t\t\t\t\t\t\t\t<\/div>\n\t\t\t\t<\/div>\n\t\t\t\t\t<\/div>\n\t\t<\/div>\n\t\t\t\t\t<\/div>\n\t\t<\/section>\n\t\t\t\t<section class=\"elementor-section elementor-top-section elementor-element elementor-element-4e8fdb8 elementor-section-boxed elementor-section-height-default elementor-section-height-default\" data-id=\"4e8fdb8\" data-element_type=\"section\" data-e-type=\"section\" data-settings=\"{&quot;_ha_eqh_enable&quot;:false}\">\n\t\t\t\t\t\t<div class=\"elementor-container elementor-column-gap-default\">\n\t\t\t\t\t<div class=\"elementor-column elementor-col-100 elementor-top-column elementor-element elementor-element-ccb7df4\" data-id=\"ccb7df4\" data-element_type=\"column\" data-e-type=\"column\">\n\t\t\t<div class=\"elementor-widget-wrap elementor-element-populated\">\n\t\t\t\t\t\t<div class=\"elementor-element elementor-element-aef3b15 elementor-widget elementor-widget-spacer\" data-id=\"aef3b15\" data-element_type=\"widget\" data-e-type=\"widget\" data-widget_type=\"spacer.default\">\n\t\t\t\t<div class=\"elementor-widget-container\">\n\t\t\t\t\t\t\t<div class=\"elementor-spacer\">\n\t\t\t<div class=\"elementor-spacer-inner\"><\/div>\n\t\t<\/div>\n\t\t\t\t\t\t<\/div>\n\t\t\t\t<\/div>\n\t\t\t\t\t<\/div>\n\t\t<\/div>\n\t\t\t\t\t<\/div>\n\t\t<\/section>\n\t\t\t\t<\/div>\n\t\t","protected":false},"excerpt":{"rendered":"<p>Par arr\u00eat\u00e9 pr\u00e9fectoral n\u00b0 1295, du 22\/08\/2025, est organis\u00e9e du 30 septembre 2025 \u00e0 14h00 au 31 octobre 2025 inclus \u00e0 17h00, soit 31 jours cons\u00e9cutifs, une enqu\u00eate publique unique relative aux demandes, de deux permis de construire d\u2019un parc solaire photovolta\u00efque au sol, et de deux demandes d\u2019autorisation de d\u00e9frichement sur le territoire de [&hellip;]<\/p>\n","protected":false},"author":9,"featured_media":0,"comment_status":"closed","ping_status":"closed","sticky":false,"template":"","format":"standard","meta":{"_acf_changed":false,"footnotes":""},"categories":[1],"tags":[],"class_list":["post-794","post","type-post","status-publish","format-standard","hentry","category-non-classe"],"acf":[],"yoast_head":"<!-- This site is optimized with the Yoast SEO plugin v27.5 - https:\/\/yoast.com\/product\/yoast-seo-wordpress\/ -->\n<title>L\u2019Enqu\u00eate publique relative au projet aura lieu du mardi 30 septembre (14h) au vendredi 31 octobre \u00a0(17h) - Gommeville<\/title>\n<meta name=\"robots\" content=\"index, follow, max-snippet:-1, max-image-preview:large, max-video-preview:-1\" \/>\n<link rel=\"canonical\" href=\"https:\/\/www.enertrag.fr\/gommeville\/blog\/2025\/10\/08\/lenquete-publique-relative-au-projet-aura-lieu-du-mardi-30-septembre-14h-au-vendredi-31-octobre-17h\/\" \/>\n<meta property=\"og:locale\" content=\"fr_FR\" \/>\n<meta property=\"og:type\" content=\"article\" \/>\n<meta property=\"og:title\" content=\"L\u2019Enqu\u00eate publique relative au projet aura lieu du mardi 30 septembre (14h) au vendredi 31 octobre \u00a0(17h) - Gommeville\" \/>\n<meta property=\"og:description\" content=\"Par arr\u00eat\u00e9 pr\u00e9fectoral n\u00b0 1295, du 22\/08\/2025, est organis\u00e9e du 30 septembre 2025 \u00e0 14h00 au 31 octobre 2025 inclus \u00e0 17h00, soit 31 jours cons\u00e9cutifs, une enqu\u00eate publique unique relative aux demandes, de deux permis de construire d\u2019un parc solaire photovolta\u00efque au sol, et de deux demandes d\u2019autorisation de d\u00e9frichement sur le territoire de [&hellip;]\" \/>\n<meta property=\"og:url\" content=\"https:\/\/www.enertrag.fr\/gommeville\/blog\/2025\/10\/08\/lenquete-publique-relative-au-projet-aura-lieu-du-mardi-30-septembre-14h-au-vendredi-31-octobre-17h\/\" \/>\n<meta property=\"og:site_name\" content=\"Gommeville\" \/>\n<meta property=\"article:published_time\" content=\"2025-10-08T15:25:12+00:00\" \/>\n<meta property=\"article:modified_time\" content=\"2025-10-08T15:27:07+00:00\" \/>\n<meta name=\"author\" content=\"zineb\" \/>\n<meta name=\"twitter:card\" content=\"summary_large_image\" \/>\n<meta name=\"twitter:label1\" content=\"\u00c9crit par\" \/>\n\t<meta name=\"twitter:data1\" content=\"zineb\" \/>\n\t<meta name=\"twitter:label2\" content=\"Dur\u00e9e de lecture estim\u00e9e\" \/>\n\t<meta name=\"twitter:data2\" content=\"3 minutes\" \/>\n<script type=\"application\/ld+json\" class=\"yoast-schema-graph\">{\"@context\":\"https:\\\/\\\/schema.org\",\"@graph\":[{\"@type\":\"Article\",\"@id\":\"https:\\\/\\\/www.enertrag.fr\\\/gommeville\\\/blog\\\/2025\\\/10\\\/08\\\/lenquete-publique-relative-au-projet-aura-lieu-du-mardi-30-septembre-14h-au-vendredi-31-octobre-17h\\\/#article\",\"isPartOf\":{\"@id\":\"https:\\\/\\\/www.enertrag.fr\\\/gommeville\\\/blog\\\/2025\\\/10\\\/08\\\/lenquete-publique-relative-au-projet-aura-lieu-du-mardi-30-septembre-14h-au-vendredi-31-octobre-17h\\\/\"},\"author\":{\"name\":\"zineb\",\"@id\":\"https:\\\/\\\/www.enertrag.fr\\\/gommeville\\\/#\\\/schema\\\/person\\\/8476e938914dd3656a478304f64353e6\"},\"headline\":\"L\u2019Enqu\u00eate publique relative au projet aura lieu du mardi 30 septembre (14h) au vendredi 31 octobre \u00a0(17h)\",\"datePublished\":\"2025-10-08T15:25:12+00:00\",\"dateModified\":\"2025-10-08T15:27:07+00:00\",\"mainEntityOfPage\":{\"@id\":\"https:\\\/\\\/www.enertrag.fr\\\/gommeville\\\/blog\\\/2025\\\/10\\\/08\\\/lenquete-publique-relative-au-projet-aura-lieu-du-mardi-30-septembre-14h-au-vendredi-31-octobre-17h\\\/\"},\"wordCount\":664,\"publisher\":{\"@id\":\"https:\\\/\\\/www.enertrag.fr\\\/gommeville\\\/#organization\"},\"inLanguage\":\"fr-FR\"},{\"@type\":\"WebPage\",\"@id\":\"https:\\\/\\\/www.enertrag.fr\\\/gommeville\\\/blog\\\/2025\\\/10\\\/08\\\/lenquete-publique-relative-au-projet-aura-lieu-du-mardi-30-septembre-14h-au-vendredi-31-octobre-17h\\\/\",\"url\":\"https:\\\/\\\/www.enertrag.fr\\\/gommeville\\\/blog\\\/2025\\\/10\\\/08\\\/lenquete-publique-relative-au-projet-aura-lieu-du-mardi-30-septembre-14h-au-vendredi-31-octobre-17h\\\/\",\"name\":\"L\u2019Enqu\u00eate publique relative au projet aura lieu du mardi 30 septembre (14h) au vendredi 31 octobre \u00a0(17h) - Gommeville\",\"isPartOf\":{\"@id\":\"https:\\\/\\\/www.enertrag.fr\\\/gommeville\\\/#website\"},\"datePublished\":\"2025-10-08T15:25:12+00:00\",\"dateModified\":\"2025-10-08T15:27:07+00:00\",\"breadcrumb\":{\"@id\":\"https:\\\/\\\/www.enertrag.fr\\\/gommeville\\\/blog\\\/2025\\\/10\\\/08\\\/lenquete-publique-relative-au-projet-aura-lieu-du-mardi-30-septembre-14h-au-vendredi-31-octobre-17h\\\/#breadcrumb\"},\"inLanguage\":\"fr-FR\",\"potentialAction\":[{\"@type\":\"ReadAction\",\"target\":[\"https:\\\/\\\/www.enertrag.fr\\\/gommeville\\\/blog\\\/2025\\\/10\\\/08\\\/lenquete-publique-relative-au-projet-aura-lieu-du-mardi-30-septembre-14h-au-vendredi-31-octobre-17h\\\/\"]}]},{\"@type\":\"BreadcrumbList\",\"@id\":\"https:\\\/\\\/www.enertrag.fr\\\/gommeville\\\/blog\\\/2025\\\/10\\\/08\\\/lenquete-publique-relative-au-projet-aura-lieu-du-mardi-30-septembre-14h-au-vendredi-31-octobre-17h\\\/#breadcrumb\",\"itemListElement\":[{\"@type\":\"ListItem\",\"position\":1,\"name\":\"Accueil\",\"item\":\"https:\\\/\\\/www.enertrag.fr\\\/gommeville\\\/\"},{\"@type\":\"ListItem\",\"position\":2,\"name\":\"L\u2019Enqu\u00eate publique relative au projet aura lieu du mardi 30 septembre (14h) au vendredi 31 octobre \u00a0(17h)\"}]},{\"@type\":\"WebSite\",\"@id\":\"https:\\\/\\\/www.enertrag.fr\\\/gommeville\\\/#website\",\"url\":\"https:\\\/\\\/www.enertrag.fr\\\/gommeville\\\/\",\"name\":\"Gommeville\",\"description\":\"\",\"publisher\":{\"@id\":\"https:\\\/\\\/www.enertrag.fr\\\/gommeville\\\/#organization\"},\"potentialAction\":[{\"@type\":\"SearchAction\",\"target\":{\"@type\":\"EntryPoint\",\"urlTemplate\":\"https:\\\/\\\/www.enertrag.fr\\\/gommeville\\\/?s={search_term_string}\"},\"query-input\":{\"@type\":\"PropertyValueSpecification\",\"valueRequired\":true,\"valueName\":\"search_term_string\"}}],\"inLanguage\":\"fr-FR\"},{\"@type\":\"Organization\",\"@id\":\"https:\\\/\\\/www.enertrag.fr\\\/gommeville\\\/#organization\",\"name\":\"Gommeville\",\"url\":\"https:\\\/\\\/www.enertrag.fr\\\/gommeville\\\/\",\"logo\":{\"@type\":\"ImageObject\",\"inLanguage\":\"fr-FR\",\"@id\":\"https:\\\/\\\/www.enertrag.fr\\\/gommeville\\\/#\\\/schema\\\/logo\\\/image\\\/\",\"url\":\"https:\\\/\\\/www.enertrag.fr\\\/gommeville\\\/wp-content\\\/uploads\\\/sites\\\/14\\\/2023\\\/01\\\/ENERTRAG_Logo.png\",\"contentUrl\":\"https:\\\/\\\/www.enertrag.fr\\\/gommeville\\\/wp-content\\\/uploads\\\/sites\\\/14\\\/2023\\\/01\\\/ENERTRAG_Logo.png\",\"width\":500,\"height\":161,\"caption\":\"Gommeville\"},\"image\":{\"@id\":\"https:\\\/\\\/www.enertrag.fr\\\/gommeville\\\/#\\\/schema\\\/logo\\\/image\\\/\"}},{\"@type\":\"Person\",\"@id\":\"https:\\\/\\\/www.enertrag.fr\\\/gommeville\\\/#\\\/schema\\\/person\\\/8476e938914dd3656a478304f64353e6\",\"name\":\"zineb\",\"image\":{\"@type\":\"ImageObject\",\"inLanguage\":\"fr-FR\",\"@id\":\"https:\\\/\\\/secure.gravatar.com\\\/avatar\\\/339bc0808a53d514cc3d6d30e3b836c29d6bb58c83e4f4232d48f1dec2419e2f?s=96&d=mm&r=g\",\"url\":\"https:\\\/\\\/secure.gravatar.com\\\/avatar\\\/339bc0808a53d514cc3d6d30e3b836c29d6bb58c83e4f4232d48f1dec2419e2f?s=96&d=mm&r=g\",\"contentUrl\":\"https:\\\/\\\/secure.gravatar.com\\\/avatar\\\/339bc0808a53d514cc3d6d30e3b836c29d6bb58c83e4f4232d48f1dec2419e2f?s=96&d=mm&r=g\",\"caption\":\"zineb\"},\"url\":\"https:\\\/\\\/www.enertrag.fr\\\/gommeville\\\/blog\\\/author\\\/zineb\\\/\"}]}<\/script>\n<!-- \/ Yoast SEO plugin. -->","yoast_head_json":{"title":"L\u2019Enqu\u00eate publique relative au projet aura lieu du mardi 30 septembre (14h) au vendredi 31 octobre \u00a0(17h) - Gommeville","robots":{"index":"index","follow":"follow","max-snippet":"max-snippet:-1","max-image-preview":"max-image-preview:large","max-video-preview":"max-video-preview:-1"},"canonical":"https:\/\/www.enertrag.fr\/gommeville\/blog\/2025\/10\/08\/lenquete-publique-relative-au-projet-aura-lieu-du-mardi-30-septembre-14h-au-vendredi-31-octobre-17h\/","og_locale":"fr_FR","og_type":"article","og_title":"L\u2019Enqu\u00eate publique relative au projet aura lieu du mardi 30 septembre (14h) au vendredi 31 octobre \u00a0(17h) - Gommeville","og_description":"Par arr\u00eat\u00e9 pr\u00e9fectoral n\u00b0 1295, du 22\/08\/2025, est organis\u00e9e du 30 septembre 2025 \u00e0 14h00 au 31 octobre 2025 inclus \u00e0 17h00, soit 31 jours cons\u00e9cutifs, une enqu\u00eate publique unique relative aux demandes, de deux permis de construire d\u2019un parc solaire photovolta\u00efque au sol, et de deux demandes d\u2019autorisation de d\u00e9frichement sur le territoire de [&hellip;]","og_url":"https:\/\/www.enertrag.fr\/gommeville\/blog\/2025\/10\/08\/lenquete-publique-relative-au-projet-aura-lieu-du-mardi-30-septembre-14h-au-vendredi-31-octobre-17h\/","og_site_name":"Gommeville","article_published_time":"2025-10-08T15:25:12+00:00","article_modified_time":"2025-10-08T15:27:07+00:00","author":"zineb","twitter_card":"summary_large_image","twitter_misc":{"\u00c9crit par":"zineb","Dur\u00e9e de lecture estim\u00e9e":"3 minutes"},"schema":{"@context":"https:\/\/schema.org","@graph":[{"@type":"Article","@id":"https:\/\/www.enertrag.fr\/gommeville\/blog\/2025\/10\/08\/lenquete-publique-relative-au-projet-aura-lieu-du-mardi-30-septembre-14h-au-vendredi-31-octobre-17h\/#article","isPartOf":{"@id":"https:\/\/www.enertrag.fr\/gommeville\/blog\/2025\/10\/08\/lenquete-publique-relative-au-projet-aura-lieu-du-mardi-30-septembre-14h-au-vendredi-31-octobre-17h\/"},"author":{"name":"zineb","@id":"https:\/\/www.enertrag.fr\/gommeville\/#\/schema\/person\/8476e938914dd3656a478304f64353e6"},"headline":"L\u2019Enqu\u00eate publique relative au projet aura lieu du mardi 30 septembre (14h) au vendredi 31 octobre \u00a0(17h)","datePublished":"2025-10-08T15:25:12+00:00","dateModified":"2025-10-08T15:27:07+00:00","mainEntityOfPage":{"@id":"https:\/\/www.enertrag.fr\/gommeville\/blog\/2025\/10\/08\/lenquete-publique-relative-au-projet-aura-lieu-du-mardi-30-septembre-14h-au-vendredi-31-octobre-17h\/"},"wordCount":664,"publisher":{"@id":"https:\/\/www.enertrag.fr\/gommeville\/#organization"},"inLanguage":"fr-FR"},{"@type":"WebPage","@id":"https:\/\/www.enertrag.fr\/gommeville\/blog\/2025\/10\/08\/lenquete-publique-relative-au-projet-aura-lieu-du-mardi-30-septembre-14h-au-vendredi-31-octobre-17h\/","url":"https:\/\/www.enertrag.fr\/gommeville\/blog\/2025\/10\/08\/lenquete-publique-relative-au-projet-aura-lieu-du-mardi-30-septembre-14h-au-vendredi-31-octobre-17h\/","name":"L\u2019Enqu\u00eate publique relative au projet aura lieu du mardi 30 septembre (14h) au vendredi 31 octobre \u00a0(17h) - Gommeville","isPartOf":{"@id":"https:\/\/www.enertrag.fr\/gommeville\/#website"},"datePublished":"2025-10-08T15:25:12+00:00","dateModified":"2025-10-08T15:27:07+00:00","breadcrumb":{"@id":"https:\/\/www.enertrag.fr\/gommeville\/blog\/2025\/10\/08\/lenquete-publique-relative-au-projet-aura-lieu-du-mardi-30-septembre-14h-au-vendredi-31-octobre-17h\/#breadcrumb"},"inLanguage":"fr-FR","potentialAction":[{"@type":"ReadAction","target":["https:\/\/www.enertrag.fr\/gommeville\/blog\/2025\/10\/08\/lenquete-publique-relative-au-projet-aura-lieu-du-mardi-30-septembre-14h-au-vendredi-31-octobre-17h\/"]}]},{"@type":"BreadcrumbList","@id":"https:\/\/www.enertrag.fr\/gommeville\/blog\/2025\/10\/08\/lenquete-publique-relative-au-projet-aura-lieu-du-mardi-30-septembre-14h-au-vendredi-31-octobre-17h\/#breadcrumb","itemListElement":[{"@type":"ListItem","position":1,"name":"Accueil","item":"https:\/\/www.enertrag.fr\/gommeville\/"},{"@type":"ListItem","position":2,"name":"L\u2019Enqu\u00eate publique relative au projet aura lieu du mardi 30 septembre (14h) au vendredi 31 octobre \u00a0(17h)"}]},{"@type":"WebSite","@id":"https:\/\/www.enertrag.fr\/gommeville\/#website","url":"https:\/\/www.enertrag.fr\/gommeville\/","name":"Gommeville","description":"","publisher":{"@id":"https:\/\/www.enertrag.fr\/gommeville\/#organization"},"potentialAction":[{"@type":"SearchAction","target":{"@type":"EntryPoint","urlTemplate":"https:\/\/www.enertrag.fr\/gommeville\/?s={search_term_string}"},"query-input":{"@type":"PropertyValueSpecification","valueRequired":true,"valueName":"search_term_string"}}],"inLanguage":"fr-FR"},{"@type":"Organization","@id":"https:\/\/www.enertrag.fr\/gommeville\/#organization","name":"Gommeville","url":"https:\/\/www.enertrag.fr\/gommeville\/","logo":{"@type":"ImageObject","inLanguage":"fr-FR","@id":"https:\/\/www.enertrag.fr\/gommeville\/#\/schema\/logo\/image\/","url":"https:\/\/www.enertrag.fr\/gommeville\/wp-content\/uploads\/sites\/14\/2023\/01\/ENERTRAG_Logo.png","contentUrl":"https:\/\/www.enertrag.fr\/gommeville\/wp-content\/uploads\/sites\/14\/2023\/01\/ENERTRAG_Logo.png","width":500,"height":161,"caption":"Gommeville"},"image":{"@id":"https:\/\/www.enertrag.fr\/gommeville\/#\/schema\/logo\/image\/"}},{"@type":"Person","@id":"https:\/\/www.enertrag.fr\/gommeville\/#\/schema\/person\/8476e938914dd3656a478304f64353e6","name":"zineb","image":{"@type":"ImageObject","inLanguage":"fr-FR","@id":"https:\/\/secure.gravatar.com\/avatar\/339bc0808a53d514cc3d6d30e3b836c29d6bb58c83e4f4232d48f1dec2419e2f?s=96&d=mm&r=g","url":"https:\/\/secure.gravatar.com\/avatar\/339bc0808a53d514cc3d6d30e3b836c29d6bb58c83e4f4232d48f1dec2419e2f?s=96&d=mm&r=g","contentUrl":"https:\/\/secure.gravatar.com\/avatar\/339bc0808a53d514cc3d6d30e3b836c29d6bb58c83e4f4232d48f1dec2419e2f?s=96&d=mm&r=g","caption":"zineb"},"url":"https:\/\/www.enertrag.fr\/gommeville\/blog\/author\/zineb\/"}]}},"_links":{"self":[{"href":"https:\/\/www.enertrag.fr\/gommeville\/wp-json\/wp\/v2\/posts\/794","targetHints":{"allow":["GET"]}}],"collection":[{"href":"https:\/\/www.enertrag.fr\/gommeville\/wp-json\/wp\/v2\/posts"}],"about":[{"href":"https:\/\/www.enertrag.fr\/gommeville\/wp-json\/wp\/v2\/types\/post"}],"author":[{"embeddable":true,"href":"https:\/\/www.enertrag.fr\/gommeville\/wp-json\/wp\/v2\/users\/9"}],"replies":[{"embeddable":true,"href":"https:\/\/www.enertrag.fr\/gommeville\/wp-json\/wp\/v2\/comments?post=794"}],"version-history":[{"count":0,"href":"https:\/\/www.enertrag.fr\/gommeville\/wp-json\/wp\/v2\/posts\/794\/revisions"}],"wp:attachment":[{"href":"https:\/\/www.enertrag.fr\/gommeville\/wp-json\/wp\/v2\/media?parent=794"}],"wp:term":[{"taxonomy":"category","embeddable":true,"href":"https:\/\/www.enertrag.fr\/gommeville\/wp-json\/wp\/v2\/categories?post=794"},{"taxonomy":"post_tag","embeddable":true,"href":"https:\/\/www.enertrag.fr\/gommeville\/wp-json\/wp\/v2\/tags?post=794"}],"curies":[{"name":"wp","href":"https:\/\/api.w.org\/{rel}","templated":true}]}}