{"id":712,"date":"2024-06-17T16:54:15","date_gmt":"2024-06-17T14:54:15","guid":{"rendered":"https:\/\/www.enertrag.fr\/chemins-picards\/?p=712"},"modified":"2025-02-19T16:26:46","modified_gmt":"2025-02-19T15:26:46","slug":"une-autre-actualite","status":"publish","type":"post","link":"https:\/\/www.enertrag.fr\/chemins-picards\/blog\/2024\/06\/17\/une-autre-actualite\/","title":{"rendered":"Installation du m\u00e2t de mesure"},"content":{"rendered":"\t\t<div data-elementor-type=\"wp-post\" data-elementor-id=\"712\" class=\"elementor elementor-712\" data-elementor-settings=\"{&quot;ha_cmc_init_switcher&quot;:&quot;no&quot;}\" data-elementor-post-type=\"post\">\n\t\t\t\t<div class=\"elementor-element elementor-element-efc9613 e-grid e-con-boxed e-con e-parent\" data-id=\"efc9613\" data-element_type=\"container\" data-e-type=\"container\" data-settings=\"{&quot;_ha_eqh_enable&quot;:false}\">\n\t\t\t\t\t<div class=\"e-con-inner\">\n\t\t\t\t\t<\/div>\n\t\t\t\t<\/div>\n\t\t<div class=\"elementor-element elementor-element-13d1c82 e-grid e-con-boxed e-con e-parent\" data-id=\"13d1c82\" data-element_type=\"container\" data-e-type=\"container\" data-settings=\"{&quot;_ha_eqh_enable&quot;:false}\">\n\t\t\t\t\t<div class=\"e-con-inner\">\n\t\t\t\t<div class=\"elementor-element elementor-element-7911cba elementor-widget elementor-widget-text-editor\" data-id=\"7911cba\" data-element_type=\"widget\" data-e-type=\"widget\" data-widget_type=\"text-editor.default\">\n\t\t\t\t<div class=\"elementor-widget-container\">\n\t\t\t\t\t\t\t\t\t<h1>Installation du m\u00e2t de mesure<\/h1><p>Un m\u00e2t de mesure a \u00e9t\u00e9 install\u00e9 fin juillet sur la commune de Saint- Cl\u00e9ment. Le m\u00e2t, d\u2019une hauteur de 124,5 m (paratonnerre compris), permet d\u2019\u00e9valuer la vitesse et la direction du vent \u00e0 diff\u00e9rentes hauteurs pour estimer le potentiel du projet et la production des futures \u00e9oliennes.<br \/>L\u2019installation d\u2019un d\u00e9tecteur d\u2019ultra-sons sur le m\u00e2t de mesure permettra \u00e9galement de mesurer l\u2019activit\u00e9 des chiropt\u00e8res (chauves-souris) en hauteur et en continu. Ces donn\u00e9es sont essentielles pour identifier les diff\u00e9rentes esp\u00e8ces pr\u00e9sentes dans la zone d\u2019\u00e9tudes et pr\u00e9voir des mesures adapt\u00e9es pendant l\u2019exploitation.<br \/><br \/><\/p>\t\t\t\t\t\t\t\t<\/div>\n\t\t\t\t<\/div>\n\t\t\t\t\t<\/div>\n\t\t\t\t<\/div>\n\t\t<div class=\"elementor-element elementor-element-7766198 e-grid e-con-boxed e-con e-parent\" data-id=\"7766198\" data-element_type=\"container\" data-e-type=\"container\" data-settings=\"{&quot;_ha_eqh_enable&quot;:false}\">\n\t\t\t\t\t<div class=\"e-con-inner\">\n\t\t\t\t<div class=\"elementor-element elementor-element-1a5d8d4 elementor-widget elementor-widget-image\" data-id=\"1a5d8d4\" data-element_type=\"widget\" data-e-type=\"widget\" data-widget_type=\"image.default\">\n\t\t\t\t<div class=\"elementor-widget-container\">\n\t\t\t\t\t\t\t\t\t\t\t\t\t\t\t<img fetchpriority=\"high\" decoding=\"async\" width=\"724\" height=\"1024\" src=\"https:\/\/www.enertrag.fr\/chemins-picards\/wp-content\/uploads\/sites\/52\/2024\/09\/Mat-de-mesure-legende-724x1024.jpg\" class=\"attachment-large size-large wp-image-1326\" alt=\"\" srcset=\"https:\/\/www.enertrag.fr\/chemins-picards\/wp-content\/uploads\/sites\/52\/2024\/09\/Mat-de-mesure-legende-724x1024.jpg 724w, https:\/\/www.enertrag.fr\/chemins-picards\/wp-content\/uploads\/sites\/52\/2024\/09\/Mat-de-mesure-legende-212x300.jpg 212w, https:\/\/www.enertrag.fr\/chemins-picards\/wp-content\/uploads\/sites\/52\/2024\/09\/Mat-de-mesure-legende-768x1086.jpg 768w, https:\/\/www.enertrag.fr\/chemins-picards\/wp-content\/uploads\/sites\/52\/2024\/09\/Mat-de-mesure-legende-1086x1536.jpg 1086w, https:\/\/www.enertrag.fr\/chemins-picards\/wp-content\/uploads\/sites\/52\/2024\/09\/Mat-de-mesure-legende-1448x2048.jpg 1448w, https:\/\/www.enertrag.fr\/chemins-picards\/wp-content\/uploads\/sites\/52\/2024\/09\/Mat-de-mesure-legende-scaled.jpg 1810w\" sizes=\"(max-width: 724px) 100vw, 724px\" \/>\t\t\t\t\t\t\t\t\t\t\t\t\t\t\t<\/div>\n\t\t\t\t<\/div>\n\t\t\t\t\t<\/div>\n\t\t\t\t<\/div>\n\t\t\t\t<\/div>\n\t\t","protected":false},"excerpt":{"rendered":"<p>Rendez-vous sur la page Concertation pour le t\u00e9l\u00e9charger.<\/p>\n","protected":false},"author":1,"featured_media":1469,"comment_status":"closed","ping_status":"closed","sticky":false,"template":"","format":"standard","meta":{"_acf_changed":false,"footnotes":""},"categories":[1],"tags":[],"class_list":["post-712","post","type-post","status-publish","format-standard","has-post-thumbnail","hentry","category-non-classe"],"acf":[],"yoast_head":"<!-- This site is optimized with the Yoast SEO plugin v27.5 - https:\/\/yoast.com\/product\/yoast-seo-wordpress\/ -->\n<title>Installation du m\u00e2t de mesure - Projet \u00e9olien des Chemins Picards<\/title>\n<meta name=\"robots\" content=\"index, follow, max-snippet:-1, max-image-preview:large, max-video-preview:-1\" \/>\n<link rel=\"canonical\" href=\"https:\/\/www.enertrag.fr\/chemins-picards\/blog\/2024\/06\/17\/une-autre-actualite\/\" \/>\n<meta property=\"og:locale\" content=\"fr_FR\" \/>\n<meta property=\"og:type\" content=\"article\" \/>\n<meta property=\"og:title\" content=\"Installation du m\u00e2t de mesure - Projet \u00e9olien des Chemins Picards\" \/>\n<meta property=\"og:description\" content=\"Rendez-vous sur la page Concertation pour le t\u00e9l\u00e9charger.\" \/>\n<meta property=\"og:url\" content=\"https:\/\/www.enertrag.fr\/chemins-picards\/blog\/2024\/06\/17\/une-autre-actualite\/\" \/>\n<meta property=\"og:site_name\" content=\"Projet \u00e9olien des Chemins Picards\" \/>\n<meta property=\"article:published_time\" content=\"2024-06-17T14:54:15+00:00\" \/>\n<meta property=\"article:modified_time\" content=\"2025-02-19T15:26:46+00:00\" \/>\n<meta property=\"og:image\" content=\"https:\/\/www.enertrag.fr\/chemins-picards\/wp-content\/uploads\/sites\/52\/2024\/06\/Illustration-2023-DB_Plan-de-travail-1-copie.png\" \/>\n\t<meta property=\"og:image:width\" content=\"2000\" \/>\n\t<meta property=\"og:image:height\" content=\"2000\" \/>\n\t<meta property=\"og:image:type\" content=\"image\/png\" \/>\n<meta name=\"author\" content=\"benjamin\" \/>\n<meta name=\"twitter:card\" content=\"summary_large_image\" \/>\n<meta name=\"twitter:label1\" content=\"\u00c9crit par\" \/>\n\t<meta name=\"twitter:data1\" content=\"benjamin\" \/>\n\t<meta name=\"twitter:label2\" content=\"Dur\u00e9e de lecture estim\u00e9e\" \/>\n\t<meta name=\"twitter:data2\" content=\"1 minute\" \/>\n<script type=\"application\/ld+json\" class=\"yoast-schema-graph\">{\"@context\":\"https:\\\/\\\/schema.org\",\"@graph\":[{\"@type\":\"Article\",\"@id\":\"https:\\\/\\\/www.enertrag.fr\\\/chemins-picards\\\/blog\\\/2024\\\/06\\\/17\\\/une-autre-actualite\\\/#article\",\"isPartOf\":{\"@id\":\"https:\\\/\\\/www.enertrag.fr\\\/chemins-picards\\\/blog\\\/2024\\\/06\\\/17\\\/une-autre-actualite\\\/\"},\"author\":{\"name\":\"benjamin\",\"@id\":\"https:\\\/\\\/www.enertrag.fr\\\/chemins-picards\\\/#\\\/schema\\\/person\\\/49fea8b436b7c0bc856a648f6c068879\"},\"headline\":\"Installation du m\u00e2t de mesure\",\"datePublished\":\"2024-06-17T14:54:15+00:00\",\"dateModified\":\"2025-02-19T15:26:46+00:00\",\"mainEntityOfPage\":{\"@id\":\"https:\\\/\\\/www.enertrag.fr\\\/chemins-picards\\\/blog\\\/2024\\\/06\\\/17\\\/une-autre-actualite\\\/\"},\"wordCount\":122,\"publisher\":{\"@id\":\"https:\\\/\\\/www.enertrag.fr\\\/chemins-picards\\\/#organization\"},\"image\":{\"@id\":\"https:\\\/\\\/www.enertrag.fr\\\/chemins-picards\\\/blog\\\/2024\\\/06\\\/17\\\/une-autre-actualite\\\/#primaryimage\"},\"thumbnailUrl\":\"https:\\\/\\\/www.enertrag.fr\\\/chemins-picards\\\/wp-content\\\/uploads\\\/sites\\\/52\\\/2024\\\/06\\\/Illustration-2023-DB_Plan-de-travail-1-copie.png\",\"inLanguage\":\"fr-FR\"},{\"@type\":\"WebPage\",\"@id\":\"https:\\\/\\\/www.enertrag.fr\\\/chemins-picards\\\/blog\\\/2024\\\/06\\\/17\\\/une-autre-actualite\\\/\",\"url\":\"https:\\\/\\\/www.enertrag.fr\\\/chemins-picards\\\/blog\\\/2024\\\/06\\\/17\\\/une-autre-actualite\\\/\",\"name\":\"Installation du m\u00e2t de mesure - Projet \u00e9olien des Chemins Picards\",\"isPartOf\":{\"@id\":\"https:\\\/\\\/www.enertrag.fr\\\/chemins-picards\\\/#website\"},\"primaryImageOfPage\":{\"@id\":\"https:\\\/\\\/www.enertrag.fr\\\/chemins-picards\\\/blog\\\/2024\\\/06\\\/17\\\/une-autre-actualite\\\/#primaryimage\"},\"image\":{\"@id\":\"https:\\\/\\\/www.enertrag.fr\\\/chemins-picards\\\/blog\\\/2024\\\/06\\\/17\\\/une-autre-actualite\\\/#primaryimage\"},\"thumbnailUrl\":\"https:\\\/\\\/www.enertrag.fr\\\/chemins-picards\\\/wp-content\\\/uploads\\\/sites\\\/52\\\/2024\\\/06\\\/Illustration-2023-DB_Plan-de-travail-1-copie.png\",\"datePublished\":\"2024-06-17T14:54:15+00:00\",\"dateModified\":\"2025-02-19T15:26:46+00:00\",\"breadcrumb\":{\"@id\":\"https:\\\/\\\/www.enertrag.fr\\\/chemins-picards\\\/blog\\\/2024\\\/06\\\/17\\\/une-autre-actualite\\\/#breadcrumb\"},\"inLanguage\":\"fr-FR\",\"potentialAction\":[{\"@type\":\"ReadAction\",\"target\":[\"https:\\\/\\\/www.enertrag.fr\\\/chemins-picards\\\/blog\\\/2024\\\/06\\\/17\\\/une-autre-actualite\\\/\"]}]},{\"@type\":\"ImageObject\",\"inLanguage\":\"fr-FR\",\"@id\":\"https:\\\/\\\/www.enertrag.fr\\\/chemins-picards\\\/blog\\\/2024\\\/06\\\/17\\\/une-autre-actualite\\\/#primaryimage\",\"url\":\"https:\\\/\\\/www.enertrag.fr\\\/chemins-picards\\\/wp-content\\\/uploads\\\/sites\\\/52\\\/2024\\\/06\\\/Illustration-2023-DB_Plan-de-travail-1-copie.png\",\"contentUrl\":\"https:\\\/\\\/www.enertrag.fr\\\/chemins-picards\\\/wp-content\\\/uploads\\\/sites\\\/52\\\/2024\\\/06\\\/Illustration-2023-DB_Plan-de-travail-1-copie.png\",\"width\":2000,\"height\":2000},{\"@type\":\"BreadcrumbList\",\"@id\":\"https:\\\/\\\/www.enertrag.fr\\\/chemins-picards\\\/blog\\\/2024\\\/06\\\/17\\\/une-autre-actualite\\\/#breadcrumb\",\"itemListElement\":[{\"@type\":\"ListItem\",\"position\":1,\"name\":\"Accueil\",\"item\":\"https:\\\/\\\/www.enertrag.fr\\\/chemins-picards\\\/\"},{\"@type\":\"ListItem\",\"position\":2,\"name\":\"Installation du m\u00e2t de mesure\"}]},{\"@type\":\"WebSite\",\"@id\":\"https:\\\/\\\/www.enertrag.fr\\\/chemins-picards\\\/#website\",\"url\":\"https:\\\/\\\/www.enertrag.fr\\\/chemins-picards\\\/\",\"name\":\"Projet \u00e9olien des Chemins Picards\",\"description\":\"\",\"publisher\":{\"@id\":\"https:\\\/\\\/www.enertrag.fr\\\/chemins-picards\\\/#organization\"},\"potentialAction\":[{\"@type\":\"SearchAction\",\"target\":{\"@type\":\"EntryPoint\",\"urlTemplate\":\"https:\\\/\\\/www.enertrag.fr\\\/chemins-picards\\\/?s={search_term_string}\"},\"query-input\":{\"@type\":\"PropertyValueSpecification\",\"valueRequired\":true,\"valueName\":\"search_term_string\"}}],\"inLanguage\":\"fr-FR\"},{\"@type\":\"Organization\",\"@id\":\"https:\\\/\\\/www.enertrag.fr\\\/chemins-picards\\\/#organization\",\"name\":\"Projet \u00e9olien des Chemins Picards\",\"url\":\"https:\\\/\\\/www.enertrag.fr\\\/chemins-picards\\\/\",\"logo\":{\"@type\":\"ImageObject\",\"inLanguage\":\"fr-FR\",\"@id\":\"https:\\\/\\\/www.enertrag.fr\\\/chemins-picards\\\/#\\\/schema\\\/logo\\\/image\\\/\",\"url\":\"https:\\\/\\\/www.enertrag.fr\\\/chemins-picards\\\/wp-content\\\/uploads\\\/sites\\\/52\\\/2024\\\/06\\\/logo_enertrag_blanc@4x.png\",\"contentUrl\":\"https:\\\/\\\/www.enertrag.fr\\\/chemins-picards\\\/wp-content\\\/uploads\\\/sites\\\/52\\\/2024\\\/06\\\/logo_enertrag_blanc@4x.png\",\"width\":3065,\"height\":801,\"caption\":\"Projet \u00e9olien des Chemins Picards\"},\"image\":{\"@id\":\"https:\\\/\\\/www.enertrag.fr\\\/chemins-picards\\\/#\\\/schema\\\/logo\\\/image\\\/\"}},{\"@type\":\"Person\",\"@id\":\"https:\\\/\\\/www.enertrag.fr\\\/chemins-picards\\\/#\\\/schema\\\/person\\\/49fea8b436b7c0bc856a648f6c068879\",\"name\":\"benjamin\",\"image\":{\"@type\":\"ImageObject\",\"inLanguage\":\"fr-FR\",\"@id\":\"https:\\\/\\\/secure.gravatar.com\\\/avatar\\\/2598158330a976b31e5b581a4635c26ae18352e1929a8998abd7bd3019b3bb27?s=96&d=mm&r=g\",\"url\":\"https:\\\/\\\/secure.gravatar.com\\\/avatar\\\/2598158330a976b31e5b581a4635c26ae18352e1929a8998abd7bd3019b3bb27?s=96&d=mm&r=g\",\"contentUrl\":\"https:\\\/\\\/secure.gravatar.com\\\/avatar\\\/2598158330a976b31e5b581a4635c26ae18352e1929a8998abd7bd3019b3bb27?s=96&d=mm&r=g\",\"caption\":\"benjamin\"},\"sameAs\":[\"http:\\\/\\\/dev.parcs-eoliens-enertrag.fr\"],\"url\":\"https:\\\/\\\/www.enertrag.fr\\\/chemins-picards\\\/blog\\\/author\\\/benjamin\\\/\"}]}<\/script>\n<!-- \/ Yoast SEO plugin. -->","yoast_head_json":{"title":"Installation du m\u00e2t de mesure - Projet \u00e9olien des Chemins Picards","robots":{"index":"index","follow":"follow","max-snippet":"max-snippet:-1","max-image-preview":"max-image-preview:large","max-video-preview":"max-video-preview:-1"},"canonical":"https:\/\/www.enertrag.fr\/chemins-picards\/blog\/2024\/06\/17\/une-autre-actualite\/","og_locale":"fr_FR","og_type":"article","og_title":"Installation du m\u00e2t de mesure - Projet \u00e9olien des Chemins Picards","og_description":"Rendez-vous sur la page Concertation pour le t\u00e9l\u00e9charger.","og_url":"https:\/\/www.enertrag.fr\/chemins-picards\/blog\/2024\/06\/17\/une-autre-actualite\/","og_site_name":"Projet \u00e9olien des Chemins Picards","article_published_time":"2024-06-17T14:54:15+00:00","article_modified_time":"2025-02-19T15:26:46+00:00","og_image":[{"width":2000,"height":2000,"url":"https:\/\/www.enertrag.fr\/chemins-picards\/wp-content\/uploads\/sites\/52\/2024\/06\/Illustration-2023-DB_Plan-de-travail-1-copie.png","type":"image\/png"}],"author":"benjamin","twitter_card":"summary_large_image","twitter_misc":{"\u00c9crit par":"benjamin","Dur\u00e9e de lecture estim\u00e9e":"1 minute"},"schema":{"@context":"https:\/\/schema.org","@graph":[{"@type":"Article","@id":"https:\/\/www.enertrag.fr\/chemins-picards\/blog\/2024\/06\/17\/une-autre-actualite\/#article","isPartOf":{"@id":"https:\/\/www.enertrag.fr\/chemins-picards\/blog\/2024\/06\/17\/une-autre-actualite\/"},"author":{"name":"benjamin","@id":"https:\/\/www.enertrag.fr\/chemins-picards\/#\/schema\/person\/49fea8b436b7c0bc856a648f6c068879"},"headline":"Installation du m\u00e2t de mesure","datePublished":"2024-06-17T14:54:15+00:00","dateModified":"2025-02-19T15:26:46+00:00","mainEntityOfPage":{"@id":"https:\/\/www.enertrag.fr\/chemins-picards\/blog\/2024\/06\/17\/une-autre-actualite\/"},"wordCount":122,"publisher":{"@id":"https:\/\/www.enertrag.fr\/chemins-picards\/#organization"},"image":{"@id":"https:\/\/www.enertrag.fr\/chemins-picards\/blog\/2024\/06\/17\/une-autre-actualite\/#primaryimage"},"thumbnailUrl":"https:\/\/www.enertrag.fr\/chemins-picards\/wp-content\/uploads\/sites\/52\/2024\/06\/Illustration-2023-DB_Plan-de-travail-1-copie.png","inLanguage":"fr-FR"},{"@type":"WebPage","@id":"https:\/\/www.enertrag.fr\/chemins-picards\/blog\/2024\/06\/17\/une-autre-actualite\/","url":"https:\/\/www.enertrag.fr\/chemins-picards\/blog\/2024\/06\/17\/une-autre-actualite\/","name":"Installation du m\u00e2t de mesure - Projet \u00e9olien des Chemins Picards","isPartOf":{"@id":"https:\/\/www.enertrag.fr\/chemins-picards\/#website"},"primaryImageOfPage":{"@id":"https:\/\/www.enertrag.fr\/chemins-picards\/blog\/2024\/06\/17\/une-autre-actualite\/#primaryimage"},"image":{"@id":"https:\/\/www.enertrag.fr\/chemins-picards\/blog\/2024\/06\/17\/une-autre-actualite\/#primaryimage"},"thumbnailUrl":"https:\/\/www.enertrag.fr\/chemins-picards\/wp-content\/uploads\/sites\/52\/2024\/06\/Illustration-2023-DB_Plan-de-travail-1-copie.png","datePublished":"2024-06-17T14:54:15+00:00","dateModified":"2025-02-19T15:26:46+00:00","breadcrumb":{"@id":"https:\/\/www.enertrag.fr\/chemins-picards\/blog\/2024\/06\/17\/une-autre-actualite\/#breadcrumb"},"inLanguage":"fr-FR","potentialAction":[{"@type":"ReadAction","target":["https:\/\/www.enertrag.fr\/chemins-picards\/blog\/2024\/06\/17\/une-autre-actualite\/"]}]},{"@type":"ImageObject","inLanguage":"fr-FR","@id":"https:\/\/www.enertrag.fr\/chemins-picards\/blog\/2024\/06\/17\/une-autre-actualite\/#primaryimage","url":"https:\/\/www.enertrag.fr\/chemins-picards\/wp-content\/uploads\/sites\/52\/2024\/06\/Illustration-2023-DB_Plan-de-travail-1-copie.png","contentUrl":"https:\/\/www.enertrag.fr\/chemins-picards\/wp-content\/uploads\/sites\/52\/2024\/06\/Illustration-2023-DB_Plan-de-travail-1-copie.png","width":2000,"height":2000},{"@type":"BreadcrumbList","@id":"https:\/\/www.enertrag.fr\/chemins-picards\/blog\/2024\/06\/17\/une-autre-actualite\/#breadcrumb","itemListElement":[{"@type":"ListItem","position":1,"name":"Accueil","item":"https:\/\/www.enertrag.fr\/chemins-picards\/"},{"@type":"ListItem","position":2,"name":"Installation du m\u00e2t de mesure"}]},{"@type":"WebSite","@id":"https:\/\/www.enertrag.fr\/chemins-picards\/#website","url":"https:\/\/www.enertrag.fr\/chemins-picards\/","name":"Projet \u00e9olien des Chemins Picards","description":"","publisher":{"@id":"https:\/\/www.enertrag.fr\/chemins-picards\/#organization"},"potentialAction":[{"@type":"SearchAction","target":{"@type":"EntryPoint","urlTemplate":"https:\/\/www.enertrag.fr\/chemins-picards\/?s={search_term_string}"},"query-input":{"@type":"PropertyValueSpecification","valueRequired":true,"valueName":"search_term_string"}}],"inLanguage":"fr-FR"},{"@type":"Organization","@id":"https:\/\/www.enertrag.fr\/chemins-picards\/#organization","name":"Projet \u00e9olien des Chemins Picards","url":"https:\/\/www.enertrag.fr\/chemins-picards\/","logo":{"@type":"ImageObject","inLanguage":"fr-FR","@id":"https:\/\/www.enertrag.fr\/chemins-picards\/#\/schema\/logo\/image\/","url":"https:\/\/www.enertrag.fr\/chemins-picards\/wp-content\/uploads\/sites\/52\/2024\/06\/logo_enertrag_blanc@4x.png","contentUrl":"https:\/\/www.enertrag.fr\/chemins-picards\/wp-content\/uploads\/sites\/52\/2024\/06\/logo_enertrag_blanc@4x.png","width":3065,"height":801,"caption":"Projet \u00e9olien des Chemins Picards"},"image":{"@id":"https:\/\/www.enertrag.fr\/chemins-picards\/#\/schema\/logo\/image\/"}},{"@type":"Person","@id":"https:\/\/www.enertrag.fr\/chemins-picards\/#\/schema\/person\/49fea8b436b7c0bc856a648f6c068879","name":"benjamin","image":{"@type":"ImageObject","inLanguage":"fr-FR","@id":"https:\/\/secure.gravatar.com\/avatar\/2598158330a976b31e5b581a4635c26ae18352e1929a8998abd7bd3019b3bb27?s=96&d=mm&r=g","url":"https:\/\/secure.gravatar.com\/avatar\/2598158330a976b31e5b581a4635c26ae18352e1929a8998abd7bd3019b3bb27?s=96&d=mm&r=g","contentUrl":"https:\/\/secure.gravatar.com\/avatar\/2598158330a976b31e5b581a4635c26ae18352e1929a8998abd7bd3019b3bb27?s=96&d=mm&r=g","caption":"benjamin"},"sameAs":["http:\/\/dev.parcs-eoliens-enertrag.fr"],"url":"https:\/\/www.enertrag.fr\/chemins-picards\/blog\/author\/benjamin\/"}]}},"_links":{"self":[{"href":"https:\/\/www.enertrag.fr\/chemins-picards\/wp-json\/wp\/v2\/posts\/712","targetHints":{"allow":["GET"]}}],"collection":[{"href":"https:\/\/www.enertrag.fr\/chemins-picards\/wp-json\/wp\/v2\/posts"}],"about":[{"href":"https:\/\/www.enertrag.fr\/chemins-picards\/wp-json\/wp\/v2\/types\/post"}],"author":[{"embeddable":true,"href":"https:\/\/www.enertrag.fr\/chemins-picards\/wp-json\/wp\/v2\/users\/1"}],"replies":[{"embeddable":true,"href":"https:\/\/www.enertrag.fr\/chemins-picards\/wp-json\/wp\/v2\/comments?post=712"}],"version-history":[{"count":0,"href":"https:\/\/www.enertrag.fr\/chemins-picards\/wp-json\/wp\/v2\/posts\/712\/revisions"}],"wp:featuredmedia":[{"embeddable":true,"href":"https:\/\/www.enertrag.fr\/chemins-picards\/wp-json\/wp\/v2\/media\/1469"}],"wp:attachment":[{"href":"https:\/\/www.enertrag.fr\/chemins-picards\/wp-json\/wp\/v2\/media?parent=712"}],"wp:term":[{"taxonomy":"category","embeddable":true,"href":"https:\/\/www.enertrag.fr\/chemins-picards\/wp-json\/wp\/v2\/categories?post=712"},{"taxonomy":"post_tag","embeddable":true,"href":"https:\/\/www.enertrag.fr\/chemins-picards\/wp-json\/wp\/v2\/tags?post=712"}],"curies":[{"name":"wp","href":"https:\/\/api.w.org\/{rel}","templated":true}]}}