{"id":1,"date":"2023-01-10T12:07:53","date_gmt":"2023-01-10T11:07:53","guid":{"rendered":"http:\/\/dev.parcs-eoliens-enertrag.fr\/testy\/?p=1"},"modified":"2023-02-20T16:46:43","modified_gmt":"2023-02-20T15:46:43","slug":"bonjour-tout-le-monde","status":"publish","type":"post","link":"https:\/\/www.enertrag.fr\/bar-sur-aube\/blog\/2023\/01\/10\/bonjour-tout-le-monde\/","title":{"rendered":"Premier forum d\u2019information\u00a0!"},"content":{"rendered":"\t\t<div data-elementor-type=\"wp-post\" data-elementor-id=\"1\" class=\"elementor elementor-1\" data-elementor-settings=\"{&quot;ha_cmc_init_switcher&quot;:&quot;no&quot;}\" data-elementor-post-type=\"post\">\n\t\t\t\t\t\t<section class=\"elementor-section elementor-top-section elementor-element elementor-element-f1647d3 elementor-section-boxed elementor-section-height-default elementor-section-height-default\" data-id=\"f1647d3\" data-element_type=\"section\" data-e-type=\"section\" data-settings=\"{&quot;_ha_eqh_enable&quot;:false}\">\n\t\t\t\t\t\t<div class=\"elementor-container elementor-column-gap-default\">\n\t\t\t\t\t<div class=\"elementor-column elementor-col-100 elementor-top-column elementor-element elementor-element-046903f\" data-id=\"046903f\" data-element_type=\"column\" data-e-type=\"column\">\n\t\t\t<div class=\"elementor-widget-wrap elementor-element-populated\">\n\t\t\t\t\t\t<div class=\"elementor-element elementor-element-add7c99 elementor-widget elementor-widget-text-editor\" data-id=\"add7c99\" data-element_type=\"widget\" data-e-type=\"widget\" data-widget_type=\"text-editor.default\">\n\t\t\t\t<div class=\"elementor-widget-container\">\n\t\t\t\t\t\t\t\t\t<p>L\u2019\u00e9quipe d\u2019ENERTRAG vous donne rendez-vous mardi 7 mars 2023, de 17h \u00e0 20h \u00e0 l\u2019H\u00f4tel de ville de Bar-sur-Aube, pour r\u00e9pondre \u00e0 toutes vos questions !<br \/>Plusieurs membres de l\u2019\u00e9quipe d\u2019ENERTRAG seront pr\u00e9sents, parmi lesquels Marie BERROUET, cheffe de projet et Laurent FRANCOIS, charg\u00e9 de prospection photovolta\u00efque. Un compte rendu sera disponible en t\u00e9l\u00e9chargement dans les jours suivant le forum.<\/p>\t\t\t\t\t\t\t\t<\/div>\n\t\t\t\t<\/div>\n\t\t\t\t\t<\/div>\n\t\t<\/div>\n\t\t\t\t\t<\/div>\n\t\t<\/section>\n\t\t\t\t<section class=\"elementor-section elementor-top-section elementor-element elementor-element-4e8fdb8 elementor-section-boxed elementor-section-height-default elementor-section-height-default\" data-id=\"4e8fdb8\" data-element_type=\"section\" data-e-type=\"section\" data-settings=\"{&quot;_ha_eqh_enable&quot;:false}\">\n\t\t\t\t\t\t<div class=\"elementor-container elementor-column-gap-default\">\n\t\t\t\t\t<div class=\"elementor-column elementor-col-100 elementor-top-column elementor-element elementor-element-ccb7df4\" data-id=\"ccb7df4\" data-element_type=\"column\" data-e-type=\"column\">\n\t\t\t<div class=\"elementor-widget-wrap elementor-element-populated\">\n\t\t\t\t\t\t<div class=\"elementor-element elementor-element-aef3b15 elementor-widget elementor-widget-spacer\" data-id=\"aef3b15\" data-element_type=\"widget\" data-e-type=\"widget\" data-widget_type=\"spacer.default\">\n\t\t\t\t<div class=\"elementor-widget-container\">\n\t\t\t\t\t\t\t<div class=\"elementor-spacer\">\n\t\t\t<div class=\"elementor-spacer-inner\"><\/div>\n\t\t<\/div>\n\t\t\t\t\t\t<\/div>\n\t\t\t\t<\/div>\n\t\t\t\t\t<\/div>\n\t\t<\/div>\n\t\t\t\t\t<\/div>\n\t\t<\/section>\n\t\t\t\t<\/div>\n\t\t","protected":false},"excerpt":{"rendered":"<p>L\u2019\u00e9quipe d\u2019ENERTRAG vous donne rendez-vous mardi 7 mars 2023, de 17h \u00e0 20h \u00e0 l\u2019H\u00f4tel de ville de Bar-sur-Aube, pour r\u00e9pondre \u00e0 toutes vos questions !Plusieurs membres de l\u2019\u00e9quipe d\u2019ENERTRAG seront pr\u00e9sents, parmi lesquels Marie BERROUET, cheffe de projet et Laurent FRANCOIS, charg\u00e9 de prospection photovolta\u00efque. Un compte rendu sera disponible en t\u00e9l\u00e9chargement dans les [&hellip;]<\/p>\n","protected":false},"author":1,"featured_media":0,"comment_status":"closed","ping_status":"closed","sticky":false,"template":"","format":"standard","meta":{"_acf_changed":false,"footnotes":""},"categories":[1],"tags":[],"class_list":["post-1","post","type-post","status-publish","format-standard","hentry","category-non-classe"],"acf":[],"yoast_head":"<!-- This site is optimized with the Yoast SEO plugin v27.5 - https:\/\/yoast.com\/product\/yoast-seo-wordpress\/ -->\n<title>Premier forum d\u2019information\u00a0! - Matrice<\/title>\n<meta name=\"robots\" content=\"index, follow, max-snippet:-1, max-image-preview:large, max-video-preview:-1\" \/>\n<link rel=\"canonical\" href=\"https:\/\/www.enertrag.fr\/bar-sur-aube\/blog\/2023\/01\/10\/bonjour-tout-le-monde\/\" \/>\n<meta property=\"og:locale\" content=\"fr_FR\" \/>\n<meta property=\"og:type\" content=\"article\" \/>\n<meta property=\"og:title\" content=\"Premier forum d\u2019information\u00a0! - Matrice\" \/>\n<meta property=\"og:description\" content=\"L\u2019\u00e9quipe d\u2019ENERTRAG vous donne rendez-vous mardi 7 mars 2023, de 17h \u00e0 20h \u00e0 l\u2019H\u00f4tel de ville de Bar-sur-Aube, pour r\u00e9pondre \u00e0 toutes vos questions !Plusieurs membres de l\u2019\u00e9quipe d\u2019ENERTRAG seront pr\u00e9sents, parmi lesquels Marie BERROUET, cheffe de projet et Laurent FRANCOIS, charg\u00e9 de prospection photovolta\u00efque. Un compte rendu sera disponible en t\u00e9l\u00e9chargement dans les [&hellip;]\" \/>\n<meta property=\"og:url\" content=\"https:\/\/www.enertrag.fr\/bar-sur-aube\/blog\/2023\/01\/10\/bonjour-tout-le-monde\/\" \/>\n<meta property=\"og:site_name\" content=\"Matrice\" \/>\n<meta property=\"article:published_time\" content=\"2023-01-10T11:07:53+00:00\" \/>\n<meta property=\"article:modified_time\" content=\"2023-02-20T15:46:43+00:00\" \/>\n<meta name=\"author\" content=\"benjamin\" \/>\n<meta name=\"twitter:card\" content=\"summary_large_image\" \/>\n<meta name=\"twitter:label1\" content=\"\u00c9crit par\" \/>\n\t<meta name=\"twitter:data1\" content=\"benjamin\" \/>\n\t<meta name=\"twitter:label2\" content=\"Dur\u00e9e de lecture estim\u00e9e\" \/>\n\t<meta name=\"twitter:data2\" content=\"1 minute\" \/>\n<script type=\"application\/ld+json\" class=\"yoast-schema-graph\">{\"@context\":\"https:\\\/\\\/schema.org\",\"@graph\":[{\"@type\":\"Article\",\"@id\":\"https:\\\/\\\/www.enertrag.fr\\\/bar-sur-aube\\\/blog\\\/2023\\\/01\\\/10\\\/bonjour-tout-le-monde\\\/#article\",\"isPartOf\":{\"@id\":\"https:\\\/\\\/www.enertrag.fr\\\/bar-sur-aube\\\/blog\\\/2023\\\/01\\\/10\\\/bonjour-tout-le-monde\\\/\"},\"author\":{\"name\":\"benjamin\",\"@id\":\"https:\\\/\\\/www.enertrag.fr\\\/bar-sur-aube\\\/#\\\/schema\\\/person\\\/49fea8b436b7c0bc856a648f6c068879\"},\"headline\":\"Premier forum d\u2019information\u00a0!\",\"datePublished\":\"2023-01-10T11:07:53+00:00\",\"dateModified\":\"2023-02-20T15:46:43+00:00\",\"mainEntityOfPage\":{\"@id\":\"https:\\\/\\\/www.enertrag.fr\\\/bar-sur-aube\\\/blog\\\/2023\\\/01\\\/10\\\/bonjour-tout-le-monde\\\/\"},\"wordCount\":69,\"publisher\":{\"@id\":\"https:\\\/\\\/www.enertrag.fr\\\/bar-sur-aube\\\/#organization\"},\"inLanguage\":\"fr-FR\"},{\"@type\":\"WebPage\",\"@id\":\"https:\\\/\\\/www.enertrag.fr\\\/bar-sur-aube\\\/blog\\\/2023\\\/01\\\/10\\\/bonjour-tout-le-monde\\\/\",\"url\":\"https:\\\/\\\/www.enertrag.fr\\\/bar-sur-aube\\\/blog\\\/2023\\\/01\\\/10\\\/bonjour-tout-le-monde\\\/\",\"name\":\"Premier forum d\u2019information\u00a0! - Matrice\",\"isPartOf\":{\"@id\":\"https:\\\/\\\/www.enertrag.fr\\\/bar-sur-aube\\\/#website\"},\"datePublished\":\"2023-01-10T11:07:53+00:00\",\"dateModified\":\"2023-02-20T15:46:43+00:00\",\"breadcrumb\":{\"@id\":\"https:\\\/\\\/www.enertrag.fr\\\/bar-sur-aube\\\/blog\\\/2023\\\/01\\\/10\\\/bonjour-tout-le-monde\\\/#breadcrumb\"},\"inLanguage\":\"fr-FR\",\"potentialAction\":[{\"@type\":\"ReadAction\",\"target\":[\"https:\\\/\\\/www.enertrag.fr\\\/bar-sur-aube\\\/blog\\\/2023\\\/01\\\/10\\\/bonjour-tout-le-monde\\\/\"]}]},{\"@type\":\"BreadcrumbList\",\"@id\":\"https:\\\/\\\/www.enertrag.fr\\\/bar-sur-aube\\\/blog\\\/2023\\\/01\\\/10\\\/bonjour-tout-le-monde\\\/#breadcrumb\",\"itemListElement\":[{\"@type\":\"ListItem\",\"position\":1,\"name\":\"Accueil\",\"item\":\"https:\\\/\\\/www.enertrag.fr\\\/bar-sur-aube\\\/\"},{\"@type\":\"ListItem\",\"position\":2,\"name\":\"Premier forum d\u2019information\u00a0!\"}]},{\"@type\":\"WebSite\",\"@id\":\"https:\\\/\\\/www.enertrag.fr\\\/bar-sur-aube\\\/#website\",\"url\":\"https:\\\/\\\/www.enertrag.fr\\\/bar-sur-aube\\\/\",\"name\":\"Matrice\",\"description\":\"\",\"publisher\":{\"@id\":\"https:\\\/\\\/www.enertrag.fr\\\/bar-sur-aube\\\/#organization\"},\"potentialAction\":[{\"@type\":\"SearchAction\",\"target\":{\"@type\":\"EntryPoint\",\"urlTemplate\":\"https:\\\/\\\/www.enertrag.fr\\\/bar-sur-aube\\\/?s={search_term_string}\"},\"query-input\":{\"@type\":\"PropertyValueSpecification\",\"valueRequired\":true,\"valueName\":\"search_term_string\"}}],\"inLanguage\":\"fr-FR\"},{\"@type\":\"Organization\",\"@id\":\"https:\\\/\\\/www.enertrag.fr\\\/bar-sur-aube\\\/#organization\",\"name\":\"Matrice\",\"url\":\"https:\\\/\\\/www.enertrag.fr\\\/bar-sur-aube\\\/\",\"logo\":{\"@type\":\"ImageObject\",\"inLanguage\":\"fr-FR\",\"@id\":\"https:\\\/\\\/www.enertrag.fr\\\/bar-sur-aube\\\/#\\\/schema\\\/logo\\\/image\\\/\",\"url\":\"https:\\\/\\\/www.enertrag.fr\\\/bar-sur-aube\\\/wp-content\\\/uploads\\\/sites\\\/4\\\/2023\\\/01\\\/ENERTRAG_Logo.png\",\"contentUrl\":\"https:\\\/\\\/www.enertrag.fr\\\/bar-sur-aube\\\/wp-content\\\/uploads\\\/sites\\\/4\\\/2023\\\/01\\\/ENERTRAG_Logo.png\",\"width\":500,\"height\":161,\"caption\":\"Matrice\"},\"image\":{\"@id\":\"https:\\\/\\\/www.enertrag.fr\\\/bar-sur-aube\\\/#\\\/schema\\\/logo\\\/image\\\/\"}},{\"@type\":\"Person\",\"@id\":\"https:\\\/\\\/www.enertrag.fr\\\/bar-sur-aube\\\/#\\\/schema\\\/person\\\/49fea8b436b7c0bc856a648f6c068879\",\"name\":\"benjamin\",\"image\":{\"@type\":\"ImageObject\",\"inLanguage\":\"fr-FR\",\"@id\":\"https:\\\/\\\/secure.gravatar.com\\\/avatar\\\/2598158330a976b31e5b581a4635c26ae18352e1929a8998abd7bd3019b3bb27?s=96&d=mm&r=g\",\"url\":\"https:\\\/\\\/secure.gravatar.com\\\/avatar\\\/2598158330a976b31e5b581a4635c26ae18352e1929a8998abd7bd3019b3bb27?s=96&d=mm&r=g\",\"contentUrl\":\"https:\\\/\\\/secure.gravatar.com\\\/avatar\\\/2598158330a976b31e5b581a4635c26ae18352e1929a8998abd7bd3019b3bb27?s=96&d=mm&r=g\",\"caption\":\"benjamin\"},\"sameAs\":[\"http:\\\/\\\/dev.parcs-eoliens-enertrag.fr\"],\"url\":\"https:\\\/\\\/www.enertrag.fr\\\/bar-sur-aube\\\/blog\\\/author\\\/benjamin\\\/\"}]}<\/script>\n<!-- \/ Yoast SEO plugin. -->","yoast_head_json":{"title":"Premier forum d\u2019information\u00a0! - Matrice","robots":{"index":"index","follow":"follow","max-snippet":"max-snippet:-1","max-image-preview":"max-image-preview:large","max-video-preview":"max-video-preview:-1"},"canonical":"https:\/\/www.enertrag.fr\/bar-sur-aube\/blog\/2023\/01\/10\/bonjour-tout-le-monde\/","og_locale":"fr_FR","og_type":"article","og_title":"Premier forum d\u2019information\u00a0! - Matrice","og_description":"L\u2019\u00e9quipe d\u2019ENERTRAG vous donne rendez-vous mardi 7 mars 2023, de 17h \u00e0 20h \u00e0 l\u2019H\u00f4tel de ville de Bar-sur-Aube, pour r\u00e9pondre \u00e0 toutes vos questions !Plusieurs membres de l\u2019\u00e9quipe d\u2019ENERTRAG seront pr\u00e9sents, parmi lesquels Marie BERROUET, cheffe de projet et Laurent FRANCOIS, charg\u00e9 de prospection photovolta\u00efque. Un compte rendu sera disponible en t\u00e9l\u00e9chargement dans les [&hellip;]","og_url":"https:\/\/www.enertrag.fr\/bar-sur-aube\/blog\/2023\/01\/10\/bonjour-tout-le-monde\/","og_site_name":"Matrice","article_published_time":"2023-01-10T11:07:53+00:00","article_modified_time":"2023-02-20T15:46:43+00:00","author":"benjamin","twitter_card":"summary_large_image","twitter_misc":{"\u00c9crit par":"benjamin","Dur\u00e9e de lecture estim\u00e9e":"1 minute"},"schema":{"@context":"https:\/\/schema.org","@graph":[{"@type":"Article","@id":"https:\/\/www.enertrag.fr\/bar-sur-aube\/blog\/2023\/01\/10\/bonjour-tout-le-monde\/#article","isPartOf":{"@id":"https:\/\/www.enertrag.fr\/bar-sur-aube\/blog\/2023\/01\/10\/bonjour-tout-le-monde\/"},"author":{"name":"benjamin","@id":"https:\/\/www.enertrag.fr\/bar-sur-aube\/#\/schema\/person\/49fea8b436b7c0bc856a648f6c068879"},"headline":"Premier forum d\u2019information\u00a0!","datePublished":"2023-01-10T11:07:53+00:00","dateModified":"2023-02-20T15:46:43+00:00","mainEntityOfPage":{"@id":"https:\/\/www.enertrag.fr\/bar-sur-aube\/blog\/2023\/01\/10\/bonjour-tout-le-monde\/"},"wordCount":69,"publisher":{"@id":"https:\/\/www.enertrag.fr\/bar-sur-aube\/#organization"},"inLanguage":"fr-FR"},{"@type":"WebPage","@id":"https:\/\/www.enertrag.fr\/bar-sur-aube\/blog\/2023\/01\/10\/bonjour-tout-le-monde\/","url":"https:\/\/www.enertrag.fr\/bar-sur-aube\/blog\/2023\/01\/10\/bonjour-tout-le-monde\/","name":"Premier forum d\u2019information\u00a0! - Matrice","isPartOf":{"@id":"https:\/\/www.enertrag.fr\/bar-sur-aube\/#website"},"datePublished":"2023-01-10T11:07:53+00:00","dateModified":"2023-02-20T15:46:43+00:00","breadcrumb":{"@id":"https:\/\/www.enertrag.fr\/bar-sur-aube\/blog\/2023\/01\/10\/bonjour-tout-le-monde\/#breadcrumb"},"inLanguage":"fr-FR","potentialAction":[{"@type":"ReadAction","target":["https:\/\/www.enertrag.fr\/bar-sur-aube\/blog\/2023\/01\/10\/bonjour-tout-le-monde\/"]}]},{"@type":"BreadcrumbList","@id":"https:\/\/www.enertrag.fr\/bar-sur-aube\/blog\/2023\/01\/10\/bonjour-tout-le-monde\/#breadcrumb","itemListElement":[{"@type":"ListItem","position":1,"name":"Accueil","item":"https:\/\/www.enertrag.fr\/bar-sur-aube\/"},{"@type":"ListItem","position":2,"name":"Premier forum d\u2019information\u00a0!"}]},{"@type":"WebSite","@id":"https:\/\/www.enertrag.fr\/bar-sur-aube\/#website","url":"https:\/\/www.enertrag.fr\/bar-sur-aube\/","name":"Matrice","description":"","publisher":{"@id":"https:\/\/www.enertrag.fr\/bar-sur-aube\/#organization"},"potentialAction":[{"@type":"SearchAction","target":{"@type":"EntryPoint","urlTemplate":"https:\/\/www.enertrag.fr\/bar-sur-aube\/?s={search_term_string}"},"query-input":{"@type":"PropertyValueSpecification","valueRequired":true,"valueName":"search_term_string"}}],"inLanguage":"fr-FR"},{"@type":"Organization","@id":"https:\/\/www.enertrag.fr\/bar-sur-aube\/#organization","name":"Matrice","url":"https:\/\/www.enertrag.fr\/bar-sur-aube\/","logo":{"@type":"ImageObject","inLanguage":"fr-FR","@id":"https:\/\/www.enertrag.fr\/bar-sur-aube\/#\/schema\/logo\/image\/","url":"https:\/\/www.enertrag.fr\/bar-sur-aube\/wp-content\/uploads\/sites\/4\/2023\/01\/ENERTRAG_Logo.png","contentUrl":"https:\/\/www.enertrag.fr\/bar-sur-aube\/wp-content\/uploads\/sites\/4\/2023\/01\/ENERTRAG_Logo.png","width":500,"height":161,"caption":"Matrice"},"image":{"@id":"https:\/\/www.enertrag.fr\/bar-sur-aube\/#\/schema\/logo\/image\/"}},{"@type":"Person","@id":"https:\/\/www.enertrag.fr\/bar-sur-aube\/#\/schema\/person\/49fea8b436b7c0bc856a648f6c068879","name":"benjamin","image":{"@type":"ImageObject","inLanguage":"fr-FR","@id":"https:\/\/secure.gravatar.com\/avatar\/2598158330a976b31e5b581a4635c26ae18352e1929a8998abd7bd3019b3bb27?s=96&d=mm&r=g","url":"https:\/\/secure.gravatar.com\/avatar\/2598158330a976b31e5b581a4635c26ae18352e1929a8998abd7bd3019b3bb27?s=96&d=mm&r=g","contentUrl":"https:\/\/secure.gravatar.com\/avatar\/2598158330a976b31e5b581a4635c26ae18352e1929a8998abd7bd3019b3bb27?s=96&d=mm&r=g","caption":"benjamin"},"sameAs":["http:\/\/dev.parcs-eoliens-enertrag.fr"],"url":"https:\/\/www.enertrag.fr\/bar-sur-aube\/blog\/author\/benjamin\/"}]}},"_links":{"self":[{"href":"https:\/\/www.enertrag.fr\/bar-sur-aube\/wp-json\/wp\/v2\/posts\/1","targetHints":{"allow":["GET"]}}],"collection":[{"href":"https:\/\/www.enertrag.fr\/bar-sur-aube\/wp-json\/wp\/v2\/posts"}],"about":[{"href":"https:\/\/www.enertrag.fr\/bar-sur-aube\/wp-json\/wp\/v2\/types\/post"}],"author":[{"embeddable":true,"href":"https:\/\/www.enertrag.fr\/bar-sur-aube\/wp-json\/wp\/v2\/users\/1"}],"replies":[{"embeddable":true,"href":"https:\/\/www.enertrag.fr\/bar-sur-aube\/wp-json\/wp\/v2\/comments?post=1"}],"version-history":[{"count":0,"href":"https:\/\/www.enertrag.fr\/bar-sur-aube\/wp-json\/wp\/v2\/posts\/1\/revisions"}],"wp:attachment":[{"href":"https:\/\/www.enertrag.fr\/bar-sur-aube\/wp-json\/wp\/v2\/media?parent=1"}],"wp:term":[{"taxonomy":"category","embeddable":true,"href":"https:\/\/www.enertrag.fr\/bar-sur-aube\/wp-json\/wp\/v2\/categories?post=1"},{"taxonomy":"post_tag","embeddable":true,"href":"https:\/\/www.enertrag.fr\/bar-sur-aube\/wp-json\/wp\/v2\/tags?post=1"}],"curies":[{"name":"wp","href":"https:\/\/api.w.org\/{rel}","templated":true}]}}