{"id":74,"date":"2023-01-12T16:23:48","date_gmt":"2023-01-12T15:23:48","guid":{"rendered":"http:\/\/dev.parcs-eoliens-enertrag.fr\/matrice\/?p=74"},"modified":"2023-08-04T11:54:00","modified_gmt":"2023-08-04T09:54:00","slug":"tout-comprendre-des-infrasons","status":"publish","type":"post","link":"https:\/\/www.enertrag.fr\/bagatelle\/blog\/2023\/01\/12\/tout-comprendre-des-infrasons\/","title":{"rendered":"Agrivolta\u00efsme : valoriser l&rsquo;agriculture locale"},"content":{"rendered":"\t\t<div data-elementor-type=\"wp-post\" data-elementor-id=\"74\" class=\"elementor elementor-74\" data-elementor-settings=\"{&quot;ha_cmc_init_switcher&quot;:&quot;no&quot;}\" data-elementor-post-type=\"post\">\n\t\t\t\t\t\t<section class=\"elementor-section elementor-top-section elementor-element elementor-element-6af3a73 elementor-section-boxed elementor-section-height-default elementor-section-height-default\" data-id=\"6af3a73\" data-element_type=\"section\" data-e-type=\"section\" data-settings=\"{&quot;_ha_eqh_enable&quot;:false}\">\n\t\t\t\t\t\t<div class=\"elementor-container elementor-column-gap-default\">\n\t\t\t\t\t<div class=\"elementor-column elementor-col-33 elementor-top-column elementor-element elementor-element-406292b\" data-id=\"406292b\" data-element_type=\"column\" data-e-type=\"column\">\n\t\t\t<div class=\"elementor-widget-wrap\">\n\t\t\t\t\t\t\t<\/div>\n\t\t<\/div>\n\t\t\t\t<div class=\"elementor-column elementor-col-66 elementor-top-column elementor-element elementor-element-cc5913b\" data-id=\"cc5913b\" data-element_type=\"column\" data-e-type=\"column\">\n\t\t\t<div class=\"elementor-widget-wrap elementor-element-populated\">\n\t\t\t\t\t\t<div class=\"elementor-element elementor-element-76dae3f elementor-widget elementor-widget-text-editor\" data-id=\"76dae3f\" data-element_type=\"widget\" data-e-type=\"widget\" data-widget_type=\"text-editor.default\">\n\t\t\t\t<div class=\"elementor-widget-container\">\n\t\t\t\t\t\t\t\t\t<p>ZOOM sur la reconversion d\u2019activit\u00e9 agricole<\/p><p><span style=\"color: var( --e-global-color-text ); font-family: var( --e-global-typography-text-font-family ), Sans-serif; font-weight: var( --e-global-typography-text-font-weight );\">Situ\u00e9 sur des parcelles \u00e0 faible rendement agronomique, le projet photovolta\u00efque sera une reconversion d\u2019activit\u00e9 des parcelles en \u00e9levage ovin avec une prairie permanente biologique au sein de l\u2019emprise cl\u00f4tur\u00e9e du parc photovolta\u00efque.&nbsp;<\/span><span style=\"color: var( --e-global-color-text ); font-family: var( --e-global-typography-text-font-family ), Sans-serif; font-weight: var( --e-global-typography-text-font-weight );\">Une double utilisation des terres qui b\u00e9n\u00e9ficie \u00e0 toutes les parties !&nbsp;<\/span><\/p><p>Les moutons permettent d\u2019entretenir naturellement la v\u00e9g\u00e9tation sous les panneaux pendant que ceux-ci apportent une protection contre les intemp\u00e9ries et les fortes chaleurs aux moutons.<\/p>\t\t\t\t\t\t\t\t<\/div>\n\t\t\t\t<\/div>\n\t\t\t\t\t<\/div>\n\t\t<\/div>\n\t\t\t\t\t<\/div>\n\t\t<\/section>\n\t\t\t\t<\/div>\n\t\t","protected":false},"excerpt":{"rendered":"<p>ZOOM sur la reconversion d\u2019activit\u00e9 agricole Situ\u00e9 sur des parcelles \u00e0 faible rendement agronomique, le projet photovolta\u00efque sera une reconversion d\u2019activit\u00e9 des parcelles en \u00e9levage ovin avec une prairie permanente biologique au sein de l\u2019emprise cl\u00f4tur\u00e9e du parc photovolta\u00efque.&nbsp;Une double utilisation des terres qui b\u00e9n\u00e9ficie \u00e0 toutes les parties !&nbsp; Les moutons permettent d\u2019entretenir naturellement [&hellip;]<\/p>\n","protected":false},"author":1,"featured_media":725,"comment_status":"closed","ping_status":"closed","sticky":false,"template":"","format":"standard","meta":{"_acf_changed":false,"footnotes":""},"categories":[1],"tags":[],"class_list":["post-74","post","type-post","status-publish","format-standard","has-post-thumbnail","hentry","category-non-classe"],"acf":[],"yoast_head":"<!-- This site is optimized with the Yoast SEO plugin v27.5 - https:\/\/yoast.com\/product\/yoast-seo-wordpress\/ -->\n<title>Agrivolta\u00efsme : valoriser l&#039;agriculture locale - Projet photovolta\u00efque au sol de Bagatelle<\/title>\n<meta name=\"robots\" content=\"index, follow, max-snippet:-1, max-image-preview:large, max-video-preview:-1\" \/>\n<link rel=\"canonical\" href=\"https:\/\/www.enertrag.fr\/bagatelle\/blog\/2023\/01\/12\/tout-comprendre-des-infrasons\/\" \/>\n<meta property=\"og:locale\" content=\"fr_FR\" \/>\n<meta property=\"og:type\" content=\"article\" \/>\n<meta property=\"og:title\" content=\"Agrivolta\u00efsme : valoriser l&#039;agriculture locale - Projet photovolta\u00efque au sol de Bagatelle\" \/>\n<meta property=\"og:description\" content=\"ZOOM sur la reconversion d\u2019activit\u00e9 agricole Situ\u00e9 sur des parcelles \u00e0 faible rendement agronomique, le projet photovolta\u00efque sera une reconversion d\u2019activit\u00e9 des parcelles en \u00e9levage ovin avec une prairie permanente biologique au sein de l\u2019emprise cl\u00f4tur\u00e9e du parc photovolta\u00efque.&nbsp;Une double utilisation des terres qui b\u00e9n\u00e9ficie \u00e0 toutes les parties !&nbsp; Les moutons permettent d\u2019entretenir naturellement [&hellip;]\" \/>\n<meta property=\"og:url\" content=\"https:\/\/www.enertrag.fr\/bagatelle\/blog\/2023\/01\/12\/tout-comprendre-des-infrasons\/\" \/>\n<meta property=\"og:site_name\" content=\"Projet photovolta\u00efque au sol de Bagatelle\" \/>\n<meta property=\"article:published_time\" content=\"2023-01-12T15:23:48+00:00\" \/>\n<meta property=\"article:modified_time\" content=\"2023-08-04T09:54:00+00:00\" \/>\n<meta property=\"og:image\" content=\"https:\/\/www.enertrag.fr\/bagatelle\/wp-content\/uploads\/sites\/39\/2023\/01\/image-actualite4.jpg\" \/>\n\t<meta property=\"og:image:width\" content=\"1771\" \/>\n\t<meta property=\"og:image:height\" content=\"1146\" \/>\n\t<meta property=\"og:image:type\" content=\"image\/jpeg\" \/>\n<meta name=\"author\" content=\"benjamin\" \/>\n<meta name=\"twitter:card\" content=\"summary_large_image\" \/>\n<meta name=\"twitter:label1\" content=\"\u00c9crit par\" \/>\n\t<meta name=\"twitter:data1\" content=\"benjamin\" \/>\n\t<meta name=\"twitter:label2\" content=\"Dur\u00e9e de lecture estim\u00e9e\" \/>\n\t<meta name=\"twitter:data2\" content=\"1 minute\" \/>\n<script type=\"application\/ld+json\" class=\"yoast-schema-graph\">{\"@context\":\"https:\\\/\\\/schema.org\",\"@graph\":[{\"@type\":\"Article\",\"@id\":\"https:\\\/\\\/www.enertrag.fr\\\/bagatelle\\\/blog\\\/2023\\\/01\\\/12\\\/tout-comprendre-des-infrasons\\\/#article\",\"isPartOf\":{\"@id\":\"https:\\\/\\\/www.enertrag.fr\\\/bagatelle\\\/blog\\\/2023\\\/01\\\/12\\\/tout-comprendre-des-infrasons\\\/\"},\"author\":{\"name\":\"benjamin\",\"@id\":\"https:\\\/\\\/www.enertrag.fr\\\/bagatelle\\\/#\\\/schema\\\/person\\\/49fea8b436b7c0bc856a648f6c068879\"},\"headline\":\"Agrivolta\u00efsme : valoriser l&rsquo;agriculture locale\",\"datePublished\":\"2023-01-12T15:23:48+00:00\",\"dateModified\":\"2023-08-04T09:54:00+00:00\",\"mainEntityOfPage\":{\"@id\":\"https:\\\/\\\/www.enertrag.fr\\\/bagatelle\\\/blog\\\/2023\\\/01\\\/12\\\/tout-comprendre-des-infrasons\\\/\"},\"wordCount\":94,\"publisher\":{\"@id\":\"https:\\\/\\\/www.enertrag.fr\\\/bagatelle\\\/#organization\"},\"image\":{\"@id\":\"https:\\\/\\\/www.enertrag.fr\\\/bagatelle\\\/blog\\\/2023\\\/01\\\/12\\\/tout-comprendre-des-infrasons\\\/#primaryimage\"},\"thumbnailUrl\":\"https:\\\/\\\/www.enertrag.fr\\\/bagatelle\\\/wp-content\\\/uploads\\\/sites\\\/39\\\/2023\\\/01\\\/image-actualite4.jpg\",\"inLanguage\":\"fr-FR\"},{\"@type\":\"WebPage\",\"@id\":\"https:\\\/\\\/www.enertrag.fr\\\/bagatelle\\\/blog\\\/2023\\\/01\\\/12\\\/tout-comprendre-des-infrasons\\\/\",\"url\":\"https:\\\/\\\/www.enertrag.fr\\\/bagatelle\\\/blog\\\/2023\\\/01\\\/12\\\/tout-comprendre-des-infrasons\\\/\",\"name\":\"Agrivolta\u00efsme : valoriser l'agriculture locale - Projet photovolta\u00efque au sol de Bagatelle\",\"isPartOf\":{\"@id\":\"https:\\\/\\\/www.enertrag.fr\\\/bagatelle\\\/#website\"},\"primaryImageOfPage\":{\"@id\":\"https:\\\/\\\/www.enertrag.fr\\\/bagatelle\\\/blog\\\/2023\\\/01\\\/12\\\/tout-comprendre-des-infrasons\\\/#primaryimage\"},\"image\":{\"@id\":\"https:\\\/\\\/www.enertrag.fr\\\/bagatelle\\\/blog\\\/2023\\\/01\\\/12\\\/tout-comprendre-des-infrasons\\\/#primaryimage\"},\"thumbnailUrl\":\"https:\\\/\\\/www.enertrag.fr\\\/bagatelle\\\/wp-content\\\/uploads\\\/sites\\\/39\\\/2023\\\/01\\\/image-actualite4.jpg\",\"datePublished\":\"2023-01-12T15:23:48+00:00\",\"dateModified\":\"2023-08-04T09:54:00+00:00\",\"breadcrumb\":{\"@id\":\"https:\\\/\\\/www.enertrag.fr\\\/bagatelle\\\/blog\\\/2023\\\/01\\\/12\\\/tout-comprendre-des-infrasons\\\/#breadcrumb\"},\"inLanguage\":\"fr-FR\",\"potentialAction\":[{\"@type\":\"ReadAction\",\"target\":[\"https:\\\/\\\/www.enertrag.fr\\\/bagatelle\\\/blog\\\/2023\\\/01\\\/12\\\/tout-comprendre-des-infrasons\\\/\"]}]},{\"@type\":\"ImageObject\",\"inLanguage\":\"fr-FR\",\"@id\":\"https:\\\/\\\/www.enertrag.fr\\\/bagatelle\\\/blog\\\/2023\\\/01\\\/12\\\/tout-comprendre-des-infrasons\\\/#primaryimage\",\"url\":\"https:\\\/\\\/www.enertrag.fr\\\/bagatelle\\\/wp-content\\\/uploads\\\/sites\\\/39\\\/2023\\\/01\\\/image-actualite4.jpg\",\"contentUrl\":\"https:\\\/\\\/www.enertrag.fr\\\/bagatelle\\\/wp-content\\\/uploads\\\/sites\\\/39\\\/2023\\\/01\\\/image-actualite4.jpg\",\"width\":1771,\"height\":1146},{\"@type\":\"BreadcrumbList\",\"@id\":\"https:\\\/\\\/www.enertrag.fr\\\/bagatelle\\\/blog\\\/2023\\\/01\\\/12\\\/tout-comprendre-des-infrasons\\\/#breadcrumb\",\"itemListElement\":[{\"@type\":\"ListItem\",\"position\":1,\"name\":\"Accueil\",\"item\":\"https:\\\/\\\/www.enertrag.fr\\\/bagatelle\\\/\"},{\"@type\":\"ListItem\",\"position\":2,\"name\":\"Agrivolta\u00efsme : valoriser l&#8217;agriculture locale\"}]},{\"@type\":\"WebSite\",\"@id\":\"https:\\\/\\\/www.enertrag.fr\\\/bagatelle\\\/#website\",\"url\":\"https:\\\/\\\/www.enertrag.fr\\\/bagatelle\\\/\",\"name\":\"Projet photovolta\u00efque au sol de Bagatelle\",\"description\":\"\",\"publisher\":{\"@id\":\"https:\\\/\\\/www.enertrag.fr\\\/bagatelle\\\/#organization\"},\"potentialAction\":[{\"@type\":\"SearchAction\",\"target\":{\"@type\":\"EntryPoint\",\"urlTemplate\":\"https:\\\/\\\/www.enertrag.fr\\\/bagatelle\\\/?s={search_term_string}\"},\"query-input\":{\"@type\":\"PropertyValueSpecification\",\"valueRequired\":true,\"valueName\":\"search_term_string\"}}],\"inLanguage\":\"fr-FR\"},{\"@type\":\"Organization\",\"@id\":\"https:\\\/\\\/www.enertrag.fr\\\/bagatelle\\\/#organization\",\"name\":\"Projet photovolta\u00efque au sol de Bagatelle\",\"url\":\"https:\\\/\\\/www.enertrag.fr\\\/bagatelle\\\/\",\"logo\":{\"@type\":\"ImageObject\",\"inLanguage\":\"fr-FR\",\"@id\":\"https:\\\/\\\/www.enertrag.fr\\\/bagatelle\\\/#\\\/schema\\\/logo\\\/image\\\/\",\"url\":\"https:\\\/\\\/www.enertrag.fr\\\/bagatelle\\\/wp-content\\\/uploads\\\/sites\\\/39\\\/2023\\\/01\\\/ENERTRAG_Logo.png\",\"contentUrl\":\"https:\\\/\\\/www.enertrag.fr\\\/bagatelle\\\/wp-content\\\/uploads\\\/sites\\\/39\\\/2023\\\/01\\\/ENERTRAG_Logo.png\",\"width\":500,\"height\":161,\"caption\":\"Projet photovolta\u00efque au sol de Bagatelle\"},\"image\":{\"@id\":\"https:\\\/\\\/www.enertrag.fr\\\/bagatelle\\\/#\\\/schema\\\/logo\\\/image\\\/\"}},{\"@type\":\"Person\",\"@id\":\"https:\\\/\\\/www.enertrag.fr\\\/bagatelle\\\/#\\\/schema\\\/person\\\/49fea8b436b7c0bc856a648f6c068879\",\"name\":\"benjamin\",\"image\":{\"@type\":\"ImageObject\",\"inLanguage\":\"fr-FR\",\"@id\":\"https:\\\/\\\/secure.gravatar.com\\\/avatar\\\/2598158330a976b31e5b581a4635c26ae18352e1929a8998abd7bd3019b3bb27?s=96&d=mm&r=g\",\"url\":\"https:\\\/\\\/secure.gravatar.com\\\/avatar\\\/2598158330a976b31e5b581a4635c26ae18352e1929a8998abd7bd3019b3bb27?s=96&d=mm&r=g\",\"contentUrl\":\"https:\\\/\\\/secure.gravatar.com\\\/avatar\\\/2598158330a976b31e5b581a4635c26ae18352e1929a8998abd7bd3019b3bb27?s=96&d=mm&r=g\",\"caption\":\"benjamin\"},\"sameAs\":[\"http:\\\/\\\/dev.parcs-eoliens-enertrag.fr\"],\"url\":\"https:\\\/\\\/www.enertrag.fr\\\/bagatelle\\\/blog\\\/author\\\/benjamin\\\/\"}]}<\/script>\n<!-- \/ Yoast SEO plugin. -->","yoast_head_json":{"title":"Agrivolta\u00efsme : valoriser l'agriculture locale - Projet photovolta\u00efque au sol de Bagatelle","robots":{"index":"index","follow":"follow","max-snippet":"max-snippet:-1","max-image-preview":"max-image-preview:large","max-video-preview":"max-video-preview:-1"},"canonical":"https:\/\/www.enertrag.fr\/bagatelle\/blog\/2023\/01\/12\/tout-comprendre-des-infrasons\/","og_locale":"fr_FR","og_type":"article","og_title":"Agrivolta\u00efsme : valoriser l'agriculture locale - Projet photovolta\u00efque au sol de Bagatelle","og_description":"ZOOM sur la reconversion d\u2019activit\u00e9 agricole Situ\u00e9 sur des parcelles \u00e0 faible rendement agronomique, le projet photovolta\u00efque sera une reconversion d\u2019activit\u00e9 des parcelles en \u00e9levage ovin avec une prairie permanente biologique au sein de l\u2019emprise cl\u00f4tur\u00e9e du parc photovolta\u00efque.&nbsp;Une double utilisation des terres qui b\u00e9n\u00e9ficie \u00e0 toutes les parties !&nbsp; Les moutons permettent d\u2019entretenir naturellement [&hellip;]","og_url":"https:\/\/www.enertrag.fr\/bagatelle\/blog\/2023\/01\/12\/tout-comprendre-des-infrasons\/","og_site_name":"Projet photovolta\u00efque au sol de Bagatelle","article_published_time":"2023-01-12T15:23:48+00:00","article_modified_time":"2023-08-04T09:54:00+00:00","og_image":[{"width":1771,"height":1146,"url":"https:\/\/www.enertrag.fr\/bagatelle\/wp-content\/uploads\/sites\/39\/2023\/01\/image-actualite4.jpg","type":"image\/jpeg"}],"author":"benjamin","twitter_card":"summary_large_image","twitter_misc":{"\u00c9crit par":"benjamin","Dur\u00e9e de lecture estim\u00e9e":"1 minute"},"schema":{"@context":"https:\/\/schema.org","@graph":[{"@type":"Article","@id":"https:\/\/www.enertrag.fr\/bagatelle\/blog\/2023\/01\/12\/tout-comprendre-des-infrasons\/#article","isPartOf":{"@id":"https:\/\/www.enertrag.fr\/bagatelle\/blog\/2023\/01\/12\/tout-comprendre-des-infrasons\/"},"author":{"name":"benjamin","@id":"https:\/\/www.enertrag.fr\/bagatelle\/#\/schema\/person\/49fea8b436b7c0bc856a648f6c068879"},"headline":"Agrivolta\u00efsme : valoriser l&rsquo;agriculture locale","datePublished":"2023-01-12T15:23:48+00:00","dateModified":"2023-08-04T09:54:00+00:00","mainEntityOfPage":{"@id":"https:\/\/www.enertrag.fr\/bagatelle\/blog\/2023\/01\/12\/tout-comprendre-des-infrasons\/"},"wordCount":94,"publisher":{"@id":"https:\/\/www.enertrag.fr\/bagatelle\/#organization"},"image":{"@id":"https:\/\/www.enertrag.fr\/bagatelle\/blog\/2023\/01\/12\/tout-comprendre-des-infrasons\/#primaryimage"},"thumbnailUrl":"https:\/\/www.enertrag.fr\/bagatelle\/wp-content\/uploads\/sites\/39\/2023\/01\/image-actualite4.jpg","inLanguage":"fr-FR"},{"@type":"WebPage","@id":"https:\/\/www.enertrag.fr\/bagatelle\/blog\/2023\/01\/12\/tout-comprendre-des-infrasons\/","url":"https:\/\/www.enertrag.fr\/bagatelle\/blog\/2023\/01\/12\/tout-comprendre-des-infrasons\/","name":"Agrivolta\u00efsme : valoriser l'agriculture locale - Projet photovolta\u00efque au sol de Bagatelle","isPartOf":{"@id":"https:\/\/www.enertrag.fr\/bagatelle\/#website"},"primaryImageOfPage":{"@id":"https:\/\/www.enertrag.fr\/bagatelle\/blog\/2023\/01\/12\/tout-comprendre-des-infrasons\/#primaryimage"},"image":{"@id":"https:\/\/www.enertrag.fr\/bagatelle\/blog\/2023\/01\/12\/tout-comprendre-des-infrasons\/#primaryimage"},"thumbnailUrl":"https:\/\/www.enertrag.fr\/bagatelle\/wp-content\/uploads\/sites\/39\/2023\/01\/image-actualite4.jpg","datePublished":"2023-01-12T15:23:48+00:00","dateModified":"2023-08-04T09:54:00+00:00","breadcrumb":{"@id":"https:\/\/www.enertrag.fr\/bagatelle\/blog\/2023\/01\/12\/tout-comprendre-des-infrasons\/#breadcrumb"},"inLanguage":"fr-FR","potentialAction":[{"@type":"ReadAction","target":["https:\/\/www.enertrag.fr\/bagatelle\/blog\/2023\/01\/12\/tout-comprendre-des-infrasons\/"]}]},{"@type":"ImageObject","inLanguage":"fr-FR","@id":"https:\/\/www.enertrag.fr\/bagatelle\/blog\/2023\/01\/12\/tout-comprendre-des-infrasons\/#primaryimage","url":"https:\/\/www.enertrag.fr\/bagatelle\/wp-content\/uploads\/sites\/39\/2023\/01\/image-actualite4.jpg","contentUrl":"https:\/\/www.enertrag.fr\/bagatelle\/wp-content\/uploads\/sites\/39\/2023\/01\/image-actualite4.jpg","width":1771,"height":1146},{"@type":"BreadcrumbList","@id":"https:\/\/www.enertrag.fr\/bagatelle\/blog\/2023\/01\/12\/tout-comprendre-des-infrasons\/#breadcrumb","itemListElement":[{"@type":"ListItem","position":1,"name":"Accueil","item":"https:\/\/www.enertrag.fr\/bagatelle\/"},{"@type":"ListItem","position":2,"name":"Agrivolta\u00efsme : valoriser l&#8217;agriculture locale"}]},{"@type":"WebSite","@id":"https:\/\/www.enertrag.fr\/bagatelle\/#website","url":"https:\/\/www.enertrag.fr\/bagatelle\/","name":"Projet photovolta\u00efque au sol de Bagatelle","description":"","publisher":{"@id":"https:\/\/www.enertrag.fr\/bagatelle\/#organization"},"potentialAction":[{"@type":"SearchAction","target":{"@type":"EntryPoint","urlTemplate":"https:\/\/www.enertrag.fr\/bagatelle\/?s={search_term_string}"},"query-input":{"@type":"PropertyValueSpecification","valueRequired":true,"valueName":"search_term_string"}}],"inLanguage":"fr-FR"},{"@type":"Organization","@id":"https:\/\/www.enertrag.fr\/bagatelle\/#organization","name":"Projet photovolta\u00efque au sol de Bagatelle","url":"https:\/\/www.enertrag.fr\/bagatelle\/","logo":{"@type":"ImageObject","inLanguage":"fr-FR","@id":"https:\/\/www.enertrag.fr\/bagatelle\/#\/schema\/logo\/image\/","url":"https:\/\/www.enertrag.fr\/bagatelle\/wp-content\/uploads\/sites\/39\/2023\/01\/ENERTRAG_Logo.png","contentUrl":"https:\/\/www.enertrag.fr\/bagatelle\/wp-content\/uploads\/sites\/39\/2023\/01\/ENERTRAG_Logo.png","width":500,"height":161,"caption":"Projet photovolta\u00efque au sol de Bagatelle"},"image":{"@id":"https:\/\/www.enertrag.fr\/bagatelle\/#\/schema\/logo\/image\/"}},{"@type":"Person","@id":"https:\/\/www.enertrag.fr\/bagatelle\/#\/schema\/person\/49fea8b436b7c0bc856a648f6c068879","name":"benjamin","image":{"@type":"ImageObject","inLanguage":"fr-FR","@id":"https:\/\/secure.gravatar.com\/avatar\/2598158330a976b31e5b581a4635c26ae18352e1929a8998abd7bd3019b3bb27?s=96&d=mm&r=g","url":"https:\/\/secure.gravatar.com\/avatar\/2598158330a976b31e5b581a4635c26ae18352e1929a8998abd7bd3019b3bb27?s=96&d=mm&r=g","contentUrl":"https:\/\/secure.gravatar.com\/avatar\/2598158330a976b31e5b581a4635c26ae18352e1929a8998abd7bd3019b3bb27?s=96&d=mm&r=g","caption":"benjamin"},"sameAs":["http:\/\/dev.parcs-eoliens-enertrag.fr"],"url":"https:\/\/www.enertrag.fr\/bagatelle\/blog\/author\/benjamin\/"}]}},"_links":{"self":[{"href":"https:\/\/www.enertrag.fr\/bagatelle\/wp-json\/wp\/v2\/posts\/74","targetHints":{"allow":["GET"]}}],"collection":[{"href":"https:\/\/www.enertrag.fr\/bagatelle\/wp-json\/wp\/v2\/posts"}],"about":[{"href":"https:\/\/www.enertrag.fr\/bagatelle\/wp-json\/wp\/v2\/types\/post"}],"author":[{"embeddable":true,"href":"https:\/\/www.enertrag.fr\/bagatelle\/wp-json\/wp\/v2\/users\/1"}],"replies":[{"embeddable":true,"href":"https:\/\/www.enertrag.fr\/bagatelle\/wp-json\/wp\/v2\/comments?post=74"}],"version-history":[{"count":0,"href":"https:\/\/www.enertrag.fr\/bagatelle\/wp-json\/wp\/v2\/posts\/74\/revisions"}],"wp:featuredmedia":[{"embeddable":true,"href":"https:\/\/www.enertrag.fr\/bagatelle\/wp-json\/wp\/v2\/media\/725"}],"wp:attachment":[{"href":"https:\/\/www.enertrag.fr\/bagatelle\/wp-json\/wp\/v2\/media?parent=74"}],"wp:term":[{"taxonomy":"category","embeddable":true,"href":"https:\/\/www.enertrag.fr\/bagatelle\/wp-json\/wp\/v2\/categories?post=74"},{"taxonomy":"post_tag","embeddable":true,"href":"https:\/\/www.enertrag.fr\/bagatelle\/wp-json\/wp\/v2\/tags?post=74"}],"curies":[{"name":"wp","href":"https:\/\/api.w.org\/{rel}","templated":true}]}}