{"id":72,"date":"2023-01-12T16:23:36","date_gmt":"2023-01-12T15:23:36","guid":{"rendered":"http:\/\/dev.parcs-eoliens-enertrag.fr\/matrice\/?p=72"},"modified":"2023-08-04T12:02:16","modified_gmt":"2023-08-04T10:02:16","slug":"leolien-une-energie-qui-prend-soin-de-son-environnement","status":"publish","type":"post","link":"https:\/\/www.enertrag.fr\/bagatelle\/blog\/2023\/01\/12\/leolien-une-energie-qui-prend-soin-de-son-environnement\/","title":{"rendered":"Zoom sur l&rsquo;enqu\u00eate publique"},"content":{"rendered":"\t\t<div data-elementor-type=\"wp-post\" data-elementor-id=\"72\" class=\"elementor elementor-72\" data-elementor-settings=\"{&quot;ha_cmc_init_switcher&quot;:&quot;no&quot;}\" data-elementor-post-type=\"post\">\n\t\t\t\t\t\t<section class=\"elementor-section elementor-top-section elementor-element elementor-element-636c8a6 elementor-section-boxed elementor-section-height-default elementor-section-height-default\" data-id=\"636c8a6\" data-element_type=\"section\" data-e-type=\"section\" data-settings=\"{&quot;_ha_eqh_enable&quot;:false}\">\n\t\t\t\t\t\t<div class=\"elementor-container elementor-column-gap-default\">\n\t\t\t\t\t<div class=\"elementor-column elementor-col-100 elementor-top-column elementor-element elementor-element-a49f601\" data-id=\"a49f601\" data-element_type=\"column\" data-e-type=\"column\">\n\t\t\t<div class=\"elementor-widget-wrap\">\n\t\t\t\t\t\t\t<\/div>\n\t\t<\/div>\n\t\t\t\t\t<\/div>\n\t\t<\/section>\n\t\t\t\t<section class=\"elementor-section elementor-top-section elementor-element elementor-element-38c8765 elementor-section-boxed elementor-section-height-default elementor-section-height-default\" data-id=\"38c8765\" data-element_type=\"section\" data-e-type=\"section\" data-settings=\"{&quot;_ha_eqh_enable&quot;:false}\">\n\t\t\t\t\t\t<div class=\"elementor-container elementor-column-gap-default\">\n\t\t\t\t\t<div class=\"elementor-column elementor-col-50 elementor-top-column elementor-element elementor-element-9dbd3d6\" data-id=\"9dbd3d6\" data-element_type=\"column\" data-e-type=\"column\">\n\t\t\t<div class=\"elementor-widget-wrap elementor-element-populated\">\n\t\t\t\t\t\t<div class=\"elementor-element elementor-element-9985946 elementor-widget__width-initial elementor-widget elementor-widget-image\" data-id=\"9985946\" data-element_type=\"widget\" data-e-type=\"widget\" data-widget_type=\"image.default\">\n\t\t\t\t<div class=\"elementor-widget-container\">\n\t\t\t\t\t\t\t\t\t\t\t\t\t\t\t<img fetchpriority=\"high\" decoding=\"async\" width=\"800\" height=\"489\" src=\"https:\/\/www.enertrag.fr\/bagatelle\/wp-content\/uploads\/sites\/39\/2023\/08\/BO-AP-1024x626.jpg\" class=\"attachment-large size-large wp-image-707\" alt=\"\" srcset=\"https:\/\/www.enertrag.fr\/bagatelle\/wp-content\/uploads\/sites\/39\/2023\/08\/BO-AP-1024x626.jpg 1024w, https:\/\/www.enertrag.fr\/bagatelle\/wp-content\/uploads\/sites\/39\/2023\/08\/BO-AP-300x183.jpg 300w, https:\/\/www.enertrag.fr\/bagatelle\/wp-content\/uploads\/sites\/39\/2023\/08\/BO-AP-768x469.jpg 768w, https:\/\/www.enertrag.fr\/bagatelle\/wp-content\/uploads\/sites\/39\/2023\/08\/BO-AP-1536x939.jpg 1536w, https:\/\/www.enertrag.fr\/bagatelle\/wp-content\/uploads\/sites\/39\/2023\/08\/BO-AP.jpg 1875w\" sizes=\"(max-width: 800px) 100vw, 800px\" \/>\t\t\t\t\t\t\t\t\t\t\t\t\t\t\t<\/div>\n\t\t\t\t<\/div>\n\t\t\t\t\t<\/div>\n\t\t<\/div>\n\t\t\t\t<div class=\"elementor-column elementor-col-50 elementor-top-column elementor-element elementor-element-32528bf\" data-id=\"32528bf\" data-element_type=\"column\" data-e-type=\"column\">\n\t\t\t<div class=\"elementor-widget-wrap elementor-element-populated\">\n\t\t\t\t\t\t<div class=\"elementor-element elementor-element-0c9f463 elementor-widget elementor-widget-text-editor\" data-id=\"0c9f463\" data-element_type=\"widget\" data-e-type=\"widget\" data-widget_type=\"text-editor.default\">\n\t\t\t\t<div class=\"elementor-widget-container\">\n\t\t\t\t\t\t\t\t\t<p>Chaque projet photovolta\u00efque devant pr\u00e9senter une \u00e9tude d\u2019impact est soumis \u00e0 enqu\u00eate publique.\u00a0<span style=\"color: var( --e-global-color-text ); font-family: var( --e-global-typography-text-font-family ), Sans-serif; font-weight: var( --e-global-typography-text-font-weight );\">L\u2019enqu\u00eate publique sera anim\u00e9e par le commissaire enqu\u00eateur charg\u00e9 de la conduire de mani\u00e8re ind\u00e9pendante et impartiale sur une p\u00e9riode d\u2019un mois.\u00a0<\/span><span style=\"color: var( --e-global-color-text ); font-family: var( --e-global-typography-text-font-family ), Sans-serif; font-weight: var( --e-global-typography-text-font-weight );\">Il se tiendra \u00e0 la disposition des habitantes et des habitants d\u2019Aigremont pour r\u00e9pondre aux questions relatives au dossier d\u2019enqu\u00eate et recueillir les observations formul\u00e9es.<\/span><\/p><p><span style=\"color: var( --e-global-color-text ); font-family: var( --e-global-typography-text-font-family ), Sans-serif; font-weight: var( --e-global-typography-text-font-weight );\">\u00a0<\/span><span style=\"color: var( --e-global-color-text ); font-family: var( --e-global-typography-text-font-family ), Sans-serif; font-weight: var( --e-global-typography-text-font-weight );\">\u00c0 l\u2019issue de l\u2019enqu\u00eate, il r\u00e9digera son rapport, relatant les faits, et \u00e9mettra un avis personnel sur le projet bas\u00e9 sur des conclusions motiv\u00e9es.\u00a0<\/span><span style=\"color: var( --e-global-color-text ); font-family: var( --e-global-typography-text-font-family ), Sans-serif; font-weight: var( --e-global-typography-text-font-weight );\">Pour les personnes n\u2019ayant pas la possiblit\u00e9 de consulter le dossier en mairie, il sera \u00e9galement disponible \u00e0 distance par voie num\u00e9rique.\u00a0<\/span><\/p><p><b>Quand aura lieu l\u2019enqu\u00eate publique ?<\/b><\/p><p>Aucune date n\u2019est encore confirm\u00e9e, mais une enqu\u00eate publique est attendue pour le d\u00e9but de l\u2019ann\u00e9e 2024.\u00a0<span style=\"color: var( --e-global-color-text ); font-family: var( --e-global-typography-text-font-family ), Sans-serif; font-weight: var( --e-global-typography-text-font-weight );\">Une fois la p\u00e9riode retenue, un affichage de l\u2019avis d\u2019enqu\u00eate publique sur site aura lieu au moins 15 jours avant l\u2019ouverture de l\u2019enqu\u00eate et pendant toute la dur\u00e9e de celle-ci.<\/span><\/p><p><span style=\"color: var( --e-global-color-text ); font-family: var( --e-global-typography-text-font-family ), Sans-serif; font-weight: var( --e-global-typography-text-font-weight );\">\u00a0<\/span><\/p><ul><li><span style=\"color: var( --e-global-color-text ); font-family: var( --e-global-typography-text-font-family ), Sans-serif; font-weight: var( --e-global-typography-text-font-weight );\">Plus d&rsquo;informations sur l&rsquo;avanc\u00e9e du projet dans la rubrique <a href=\"https:\/\/www.enertrag.fr\/aigremont\/le-projet\/\">\u00ab\u00a0Le Projet\u00a0\u00bb<\/a><br \/><\/span><\/li><li>Pour toute demande d&rsquo;information, contactez <a href=\"https:\/\/www.enertrag.fr\/aigremont\/qui-sommes-nous\/\">le Chef de Projet d\u00e9di\u00e9<\/a><\/li><\/ul>\t\t\t\t\t\t\t\t<\/div>\n\t\t\t\t<\/div>\n\t\t\t\t\t<\/div>\n\t\t<\/div>\n\t\t\t\t\t<\/div>\n\t\t<\/section>\n\t\t\t\t<section class=\"elementor-section elementor-top-section elementor-element elementor-element-1531e03 elementor-section-boxed elementor-section-height-default elementor-section-height-default\" data-id=\"1531e03\" data-element_type=\"section\" data-e-type=\"section\" data-settings=\"{&quot;_ha_eqh_enable&quot;:false}\">\n\t\t\t\t\t\t<div class=\"elementor-container elementor-column-gap-default\">\n\t\t\t\t\t<div class=\"elementor-column elementor-col-100 elementor-top-column elementor-element elementor-element-fbaafb1\" data-id=\"fbaafb1\" data-element_type=\"column\" data-e-type=\"column\">\n\t\t\t<div class=\"elementor-widget-wrap elementor-element-populated\">\n\t\t\t\t\t\t<div class=\"elementor-element elementor-element-61ff436 elementor-widget elementor-widget-ha-pdf-view happy-addon ha-pdf-view\" data-id=\"61ff436\" data-element_type=\"widget\" data-e-type=\"widget\" data-widget_type=\"ha-pdf-view.default\">\n\t\t\t\t<div class=\"elementor-widget-container\">\n\t\t\t\t\t        <div class=\"pdf_viewer_container\">\n            <div class=\"pdf_viewer_options viewer-61ff436\" data-pdf-settings=\"{&quot;unique_id&quot;:&quot;viewer-61ff436&quot;,&quot;pdf_url&quot;:&quot;http:\\\/\\\/dev.parcs-eoliens-enertrag.fr\\\/matrice\\\/wp-content\\\/uploads\\\/sites\\\/2\\\/2023\\\/01\\\/Leolien-une-ernegie-qui-prends-soin-de-son-environnementt.pdf&quot;,&quot;file_type&quot;:&quot;url&quot;,&quot;page_number&quot;:&quot;-1&quot;,&quot;width&quot;:&quot;100%&quot;,&quot;height&quot;:&quot;1000px&quot;}\">\n\t\t\t\t<span class=\"ha-title-flex\">\n\t\t\t\t\t<span class=\"pdf-icon\">\n\t\t\t\t\t\t\t\t\t\t\t<\/span>\n\t\t\t\t\t\t\t\t\t<\/span>\n\t\t\t\t                <div class=\"pdf-button\">\n                                <\/div>\n            <\/div>\n\n\t\t\t<div>\n\t\t\t\t<div id=\"viewer-61ff436\"><\/div>\n\t\t\t<\/div>\n\n        <\/div>\n        \t\t\t\t<\/div>\n\t\t\t\t<\/div>\n\t\t\t\t\t<\/div>\n\t\t<\/div>\n\t\t\t\t\t<\/div>\n\t\t<\/section>\n\t\t\t\t<\/div>\n\t\t","protected":false},"excerpt":{"rendered":"<p>Chaque projet photovolta\u00efque devant pr\u00e9senter une \u00e9tude d\u2019impact est soumis \u00e0 enqu\u00eate publique.\u00a0L\u2019enqu\u00eate publique sera anim\u00e9e par le commissaire enqu\u00eateur charg\u00e9 de la conduire de mani\u00e8re ind\u00e9pendante et impartiale sur une p\u00e9riode d\u2019un mois.\u00a0Il se tiendra \u00e0 la disposition des habitantes et des habitants d\u2019Aigremont pour r\u00e9pondre aux questions relatives au dossier d\u2019enqu\u00eate et recueillir [&hellip;]<\/p>\n","protected":false},"author":1,"featured_media":723,"comment_status":"closed","ping_status":"closed","sticky":false,"template":"","format":"standard","meta":{"_acf_changed":false,"footnotes":""},"categories":[1],"tags":[],"class_list":["post-72","post","type-post","status-publish","format-standard","has-post-thumbnail","hentry","category-non-classe"],"acf":[],"yoast_head":"<!-- This site is optimized with the Yoast SEO plugin v27.5 - https:\/\/yoast.com\/product\/yoast-seo-wordpress\/ -->\n<title>Zoom sur l&#039;enqu\u00eate publique - Projet photovolta\u00efque au sol de Bagatelle<\/title>\n<meta name=\"robots\" content=\"index, follow, max-snippet:-1, max-image-preview:large, max-video-preview:-1\" \/>\n<link rel=\"canonical\" href=\"https:\/\/www.enertrag.fr\/bagatelle\/blog\/2023\/01\/12\/leolien-une-energie-qui-prend-soin-de-son-environnement\/\" \/>\n<meta property=\"og:locale\" content=\"fr_FR\" \/>\n<meta property=\"og:type\" content=\"article\" \/>\n<meta property=\"og:title\" content=\"Zoom sur l&#039;enqu\u00eate publique - Projet photovolta\u00efque au sol de Bagatelle\" \/>\n<meta property=\"og:description\" content=\"Chaque projet photovolta\u00efque devant pr\u00e9senter une \u00e9tude d\u2019impact est soumis \u00e0 enqu\u00eate publique.\u00a0L\u2019enqu\u00eate publique sera anim\u00e9e par le commissaire enqu\u00eateur charg\u00e9 de la conduire de mani\u00e8re ind\u00e9pendante et impartiale sur une p\u00e9riode d\u2019un mois.\u00a0Il se tiendra \u00e0 la disposition des habitantes et des habitants d\u2019Aigremont pour r\u00e9pondre aux questions relatives au dossier d\u2019enqu\u00eate et recueillir [&hellip;]\" \/>\n<meta property=\"og:url\" content=\"https:\/\/www.enertrag.fr\/bagatelle\/blog\/2023\/01\/12\/leolien-une-energie-qui-prend-soin-de-son-environnement\/\" \/>\n<meta property=\"og:site_name\" content=\"Projet photovolta\u00efque au sol de Bagatelle\" \/>\n<meta property=\"article:published_time\" content=\"2023-01-12T15:23:36+00:00\" \/>\n<meta property=\"article:modified_time\" content=\"2023-08-04T10:02:16+00:00\" \/>\n<meta property=\"og:image\" content=\"https:\/\/www.enertrag.fr\/bagatelle\/wp-content\/uploads\/sites\/39\/2023\/01\/image-actualite3.jpg\" \/>\n\t<meta property=\"og:image:width\" content=\"1771\" \/>\n\t<meta property=\"og:image:height\" content=\"1146\" \/>\n\t<meta property=\"og:image:type\" content=\"image\/jpeg\" \/>\n<meta name=\"author\" content=\"benjamin\" \/>\n<meta name=\"twitter:card\" content=\"summary_large_image\" \/>\n<meta name=\"twitter:label1\" content=\"\u00c9crit par\" \/>\n\t<meta name=\"twitter:data1\" content=\"benjamin\" \/>\n\t<meta name=\"twitter:label2\" content=\"Dur\u00e9e de lecture estim\u00e9e\" \/>\n\t<meta name=\"twitter:data2\" content=\"2 minutes\" \/>\n<script type=\"application\/ld+json\" class=\"yoast-schema-graph\">{\"@context\":\"https:\\\/\\\/schema.org\",\"@graph\":[{\"@type\":\"Article\",\"@id\":\"https:\\\/\\\/www.enertrag.fr\\\/bagatelle\\\/blog\\\/2023\\\/01\\\/12\\\/leolien-une-energie-qui-prend-soin-de-son-environnement\\\/#article\",\"isPartOf\":{\"@id\":\"https:\\\/\\\/www.enertrag.fr\\\/bagatelle\\\/blog\\\/2023\\\/01\\\/12\\\/leolien-une-energie-qui-prend-soin-de-son-environnement\\\/\"},\"author\":{\"name\":\"benjamin\",\"@id\":\"https:\\\/\\\/www.enertrag.fr\\\/bagatelle\\\/#\\\/schema\\\/person\\\/49fea8b436b7c0bc856a648f6c068879\"},\"headline\":\"Zoom sur l&rsquo;enqu\u00eate publique\",\"datePublished\":\"2023-01-12T15:23:36+00:00\",\"dateModified\":\"2023-08-04T10:02:16+00:00\",\"mainEntityOfPage\":{\"@id\":\"https:\\\/\\\/www.enertrag.fr\\\/bagatelle\\\/blog\\\/2023\\\/01\\\/12\\\/leolien-une-energie-qui-prend-soin-de-son-environnement\\\/\"},\"wordCount\":224,\"publisher\":{\"@id\":\"https:\\\/\\\/www.enertrag.fr\\\/bagatelle\\\/#organization\"},\"image\":{\"@id\":\"https:\\\/\\\/www.enertrag.fr\\\/bagatelle\\\/blog\\\/2023\\\/01\\\/12\\\/leolien-une-energie-qui-prend-soin-de-son-environnement\\\/#primaryimage\"},\"thumbnailUrl\":\"https:\\\/\\\/www.enertrag.fr\\\/bagatelle\\\/wp-content\\\/uploads\\\/sites\\\/39\\\/2023\\\/01\\\/image-actualite3.jpg\",\"inLanguage\":\"fr-FR\"},{\"@type\":\"WebPage\",\"@id\":\"https:\\\/\\\/www.enertrag.fr\\\/bagatelle\\\/blog\\\/2023\\\/01\\\/12\\\/leolien-une-energie-qui-prend-soin-de-son-environnement\\\/\",\"url\":\"https:\\\/\\\/www.enertrag.fr\\\/bagatelle\\\/blog\\\/2023\\\/01\\\/12\\\/leolien-une-energie-qui-prend-soin-de-son-environnement\\\/\",\"name\":\"Zoom sur l'enqu\u00eate publique - Projet photovolta\u00efque au sol de Bagatelle\",\"isPartOf\":{\"@id\":\"https:\\\/\\\/www.enertrag.fr\\\/bagatelle\\\/#website\"},\"primaryImageOfPage\":{\"@id\":\"https:\\\/\\\/www.enertrag.fr\\\/bagatelle\\\/blog\\\/2023\\\/01\\\/12\\\/leolien-une-energie-qui-prend-soin-de-son-environnement\\\/#primaryimage\"},\"image\":{\"@id\":\"https:\\\/\\\/www.enertrag.fr\\\/bagatelle\\\/blog\\\/2023\\\/01\\\/12\\\/leolien-une-energie-qui-prend-soin-de-son-environnement\\\/#primaryimage\"},\"thumbnailUrl\":\"https:\\\/\\\/www.enertrag.fr\\\/bagatelle\\\/wp-content\\\/uploads\\\/sites\\\/39\\\/2023\\\/01\\\/image-actualite3.jpg\",\"datePublished\":\"2023-01-12T15:23:36+00:00\",\"dateModified\":\"2023-08-04T10:02:16+00:00\",\"breadcrumb\":{\"@id\":\"https:\\\/\\\/www.enertrag.fr\\\/bagatelle\\\/blog\\\/2023\\\/01\\\/12\\\/leolien-une-energie-qui-prend-soin-de-son-environnement\\\/#breadcrumb\"},\"inLanguage\":\"fr-FR\",\"potentialAction\":[{\"@type\":\"ReadAction\",\"target\":[\"https:\\\/\\\/www.enertrag.fr\\\/bagatelle\\\/blog\\\/2023\\\/01\\\/12\\\/leolien-une-energie-qui-prend-soin-de-son-environnement\\\/\"]}]},{\"@type\":\"ImageObject\",\"inLanguage\":\"fr-FR\",\"@id\":\"https:\\\/\\\/www.enertrag.fr\\\/bagatelle\\\/blog\\\/2023\\\/01\\\/12\\\/leolien-une-energie-qui-prend-soin-de-son-environnement\\\/#primaryimage\",\"url\":\"https:\\\/\\\/www.enertrag.fr\\\/bagatelle\\\/wp-content\\\/uploads\\\/sites\\\/39\\\/2023\\\/01\\\/image-actualite3.jpg\",\"contentUrl\":\"https:\\\/\\\/www.enertrag.fr\\\/bagatelle\\\/wp-content\\\/uploads\\\/sites\\\/39\\\/2023\\\/01\\\/image-actualite3.jpg\",\"width\":1771,\"height\":1146},{\"@type\":\"BreadcrumbList\",\"@id\":\"https:\\\/\\\/www.enertrag.fr\\\/bagatelle\\\/blog\\\/2023\\\/01\\\/12\\\/leolien-une-energie-qui-prend-soin-de-son-environnement\\\/#breadcrumb\",\"itemListElement\":[{\"@type\":\"ListItem\",\"position\":1,\"name\":\"Accueil\",\"item\":\"https:\\\/\\\/www.enertrag.fr\\\/bagatelle\\\/\"},{\"@type\":\"ListItem\",\"position\":2,\"name\":\"Zoom sur l&#8217;enqu\u00eate publique\"}]},{\"@type\":\"WebSite\",\"@id\":\"https:\\\/\\\/www.enertrag.fr\\\/bagatelle\\\/#website\",\"url\":\"https:\\\/\\\/www.enertrag.fr\\\/bagatelle\\\/\",\"name\":\"Projet photovolta\u00efque au sol de Bagatelle\",\"description\":\"\",\"publisher\":{\"@id\":\"https:\\\/\\\/www.enertrag.fr\\\/bagatelle\\\/#organization\"},\"potentialAction\":[{\"@type\":\"SearchAction\",\"target\":{\"@type\":\"EntryPoint\",\"urlTemplate\":\"https:\\\/\\\/www.enertrag.fr\\\/bagatelle\\\/?s={search_term_string}\"},\"query-input\":{\"@type\":\"PropertyValueSpecification\",\"valueRequired\":true,\"valueName\":\"search_term_string\"}}],\"inLanguage\":\"fr-FR\"},{\"@type\":\"Organization\",\"@id\":\"https:\\\/\\\/www.enertrag.fr\\\/bagatelle\\\/#organization\",\"name\":\"Projet photovolta\u00efque au sol de Bagatelle\",\"url\":\"https:\\\/\\\/www.enertrag.fr\\\/bagatelle\\\/\",\"logo\":{\"@type\":\"ImageObject\",\"inLanguage\":\"fr-FR\",\"@id\":\"https:\\\/\\\/www.enertrag.fr\\\/bagatelle\\\/#\\\/schema\\\/logo\\\/image\\\/\",\"url\":\"https:\\\/\\\/www.enertrag.fr\\\/bagatelle\\\/wp-content\\\/uploads\\\/sites\\\/39\\\/2023\\\/01\\\/ENERTRAG_Logo.png\",\"contentUrl\":\"https:\\\/\\\/www.enertrag.fr\\\/bagatelle\\\/wp-content\\\/uploads\\\/sites\\\/39\\\/2023\\\/01\\\/ENERTRAG_Logo.png\",\"width\":500,\"height\":161,\"caption\":\"Projet photovolta\u00efque au sol de Bagatelle\"},\"image\":{\"@id\":\"https:\\\/\\\/www.enertrag.fr\\\/bagatelle\\\/#\\\/schema\\\/logo\\\/image\\\/\"}},{\"@type\":\"Person\",\"@id\":\"https:\\\/\\\/www.enertrag.fr\\\/bagatelle\\\/#\\\/schema\\\/person\\\/49fea8b436b7c0bc856a648f6c068879\",\"name\":\"benjamin\",\"image\":{\"@type\":\"ImageObject\",\"inLanguage\":\"fr-FR\",\"@id\":\"https:\\\/\\\/secure.gravatar.com\\\/avatar\\\/2598158330a976b31e5b581a4635c26ae18352e1929a8998abd7bd3019b3bb27?s=96&d=mm&r=g\",\"url\":\"https:\\\/\\\/secure.gravatar.com\\\/avatar\\\/2598158330a976b31e5b581a4635c26ae18352e1929a8998abd7bd3019b3bb27?s=96&d=mm&r=g\",\"contentUrl\":\"https:\\\/\\\/secure.gravatar.com\\\/avatar\\\/2598158330a976b31e5b581a4635c26ae18352e1929a8998abd7bd3019b3bb27?s=96&d=mm&r=g\",\"caption\":\"benjamin\"},\"sameAs\":[\"http:\\\/\\\/dev.parcs-eoliens-enertrag.fr\"],\"url\":\"https:\\\/\\\/www.enertrag.fr\\\/bagatelle\\\/blog\\\/author\\\/benjamin\\\/\"}]}<\/script>\n<!-- \/ Yoast SEO plugin. -->","yoast_head_json":{"title":"Zoom sur l'enqu\u00eate publique - Projet photovolta\u00efque au sol de Bagatelle","robots":{"index":"index","follow":"follow","max-snippet":"max-snippet:-1","max-image-preview":"max-image-preview:large","max-video-preview":"max-video-preview:-1"},"canonical":"https:\/\/www.enertrag.fr\/bagatelle\/blog\/2023\/01\/12\/leolien-une-energie-qui-prend-soin-de-son-environnement\/","og_locale":"fr_FR","og_type":"article","og_title":"Zoom sur l'enqu\u00eate publique - Projet photovolta\u00efque au sol de Bagatelle","og_description":"Chaque projet photovolta\u00efque devant pr\u00e9senter une \u00e9tude d\u2019impact est soumis \u00e0 enqu\u00eate publique.\u00a0L\u2019enqu\u00eate publique sera anim\u00e9e par le commissaire enqu\u00eateur charg\u00e9 de la conduire de mani\u00e8re ind\u00e9pendante et impartiale sur une p\u00e9riode d\u2019un mois.\u00a0Il se tiendra \u00e0 la disposition des habitantes et des habitants d\u2019Aigremont pour r\u00e9pondre aux questions relatives au dossier d\u2019enqu\u00eate et recueillir [&hellip;]","og_url":"https:\/\/www.enertrag.fr\/bagatelle\/blog\/2023\/01\/12\/leolien-une-energie-qui-prend-soin-de-son-environnement\/","og_site_name":"Projet photovolta\u00efque au sol de Bagatelle","article_published_time":"2023-01-12T15:23:36+00:00","article_modified_time":"2023-08-04T10:02:16+00:00","og_image":[{"width":1771,"height":1146,"url":"https:\/\/www.enertrag.fr\/bagatelle\/wp-content\/uploads\/sites\/39\/2023\/01\/image-actualite3.jpg","type":"image\/jpeg"}],"author":"benjamin","twitter_card":"summary_large_image","twitter_misc":{"\u00c9crit par":"benjamin","Dur\u00e9e de lecture estim\u00e9e":"2 minutes"},"schema":{"@context":"https:\/\/schema.org","@graph":[{"@type":"Article","@id":"https:\/\/www.enertrag.fr\/bagatelle\/blog\/2023\/01\/12\/leolien-une-energie-qui-prend-soin-de-son-environnement\/#article","isPartOf":{"@id":"https:\/\/www.enertrag.fr\/bagatelle\/blog\/2023\/01\/12\/leolien-une-energie-qui-prend-soin-de-son-environnement\/"},"author":{"name":"benjamin","@id":"https:\/\/www.enertrag.fr\/bagatelle\/#\/schema\/person\/49fea8b436b7c0bc856a648f6c068879"},"headline":"Zoom sur l&rsquo;enqu\u00eate publique","datePublished":"2023-01-12T15:23:36+00:00","dateModified":"2023-08-04T10:02:16+00:00","mainEntityOfPage":{"@id":"https:\/\/www.enertrag.fr\/bagatelle\/blog\/2023\/01\/12\/leolien-une-energie-qui-prend-soin-de-son-environnement\/"},"wordCount":224,"publisher":{"@id":"https:\/\/www.enertrag.fr\/bagatelle\/#organization"},"image":{"@id":"https:\/\/www.enertrag.fr\/bagatelle\/blog\/2023\/01\/12\/leolien-une-energie-qui-prend-soin-de-son-environnement\/#primaryimage"},"thumbnailUrl":"https:\/\/www.enertrag.fr\/bagatelle\/wp-content\/uploads\/sites\/39\/2023\/01\/image-actualite3.jpg","inLanguage":"fr-FR"},{"@type":"WebPage","@id":"https:\/\/www.enertrag.fr\/bagatelle\/blog\/2023\/01\/12\/leolien-une-energie-qui-prend-soin-de-son-environnement\/","url":"https:\/\/www.enertrag.fr\/bagatelle\/blog\/2023\/01\/12\/leolien-une-energie-qui-prend-soin-de-son-environnement\/","name":"Zoom sur l'enqu\u00eate publique - Projet photovolta\u00efque au sol de Bagatelle","isPartOf":{"@id":"https:\/\/www.enertrag.fr\/bagatelle\/#website"},"primaryImageOfPage":{"@id":"https:\/\/www.enertrag.fr\/bagatelle\/blog\/2023\/01\/12\/leolien-une-energie-qui-prend-soin-de-son-environnement\/#primaryimage"},"image":{"@id":"https:\/\/www.enertrag.fr\/bagatelle\/blog\/2023\/01\/12\/leolien-une-energie-qui-prend-soin-de-son-environnement\/#primaryimage"},"thumbnailUrl":"https:\/\/www.enertrag.fr\/bagatelle\/wp-content\/uploads\/sites\/39\/2023\/01\/image-actualite3.jpg","datePublished":"2023-01-12T15:23:36+00:00","dateModified":"2023-08-04T10:02:16+00:00","breadcrumb":{"@id":"https:\/\/www.enertrag.fr\/bagatelle\/blog\/2023\/01\/12\/leolien-une-energie-qui-prend-soin-de-son-environnement\/#breadcrumb"},"inLanguage":"fr-FR","potentialAction":[{"@type":"ReadAction","target":["https:\/\/www.enertrag.fr\/bagatelle\/blog\/2023\/01\/12\/leolien-une-energie-qui-prend-soin-de-son-environnement\/"]}]},{"@type":"ImageObject","inLanguage":"fr-FR","@id":"https:\/\/www.enertrag.fr\/bagatelle\/blog\/2023\/01\/12\/leolien-une-energie-qui-prend-soin-de-son-environnement\/#primaryimage","url":"https:\/\/www.enertrag.fr\/bagatelle\/wp-content\/uploads\/sites\/39\/2023\/01\/image-actualite3.jpg","contentUrl":"https:\/\/www.enertrag.fr\/bagatelle\/wp-content\/uploads\/sites\/39\/2023\/01\/image-actualite3.jpg","width":1771,"height":1146},{"@type":"BreadcrumbList","@id":"https:\/\/www.enertrag.fr\/bagatelle\/blog\/2023\/01\/12\/leolien-une-energie-qui-prend-soin-de-son-environnement\/#breadcrumb","itemListElement":[{"@type":"ListItem","position":1,"name":"Accueil","item":"https:\/\/www.enertrag.fr\/bagatelle\/"},{"@type":"ListItem","position":2,"name":"Zoom sur l&#8217;enqu\u00eate publique"}]},{"@type":"WebSite","@id":"https:\/\/www.enertrag.fr\/bagatelle\/#website","url":"https:\/\/www.enertrag.fr\/bagatelle\/","name":"Projet photovolta\u00efque au sol de Bagatelle","description":"","publisher":{"@id":"https:\/\/www.enertrag.fr\/bagatelle\/#organization"},"potentialAction":[{"@type":"SearchAction","target":{"@type":"EntryPoint","urlTemplate":"https:\/\/www.enertrag.fr\/bagatelle\/?s={search_term_string}"},"query-input":{"@type":"PropertyValueSpecification","valueRequired":true,"valueName":"search_term_string"}}],"inLanguage":"fr-FR"},{"@type":"Organization","@id":"https:\/\/www.enertrag.fr\/bagatelle\/#organization","name":"Projet photovolta\u00efque au sol de Bagatelle","url":"https:\/\/www.enertrag.fr\/bagatelle\/","logo":{"@type":"ImageObject","inLanguage":"fr-FR","@id":"https:\/\/www.enertrag.fr\/bagatelle\/#\/schema\/logo\/image\/","url":"https:\/\/www.enertrag.fr\/bagatelle\/wp-content\/uploads\/sites\/39\/2023\/01\/ENERTRAG_Logo.png","contentUrl":"https:\/\/www.enertrag.fr\/bagatelle\/wp-content\/uploads\/sites\/39\/2023\/01\/ENERTRAG_Logo.png","width":500,"height":161,"caption":"Projet photovolta\u00efque au sol de Bagatelle"},"image":{"@id":"https:\/\/www.enertrag.fr\/bagatelle\/#\/schema\/logo\/image\/"}},{"@type":"Person","@id":"https:\/\/www.enertrag.fr\/bagatelle\/#\/schema\/person\/49fea8b436b7c0bc856a648f6c068879","name":"benjamin","image":{"@type":"ImageObject","inLanguage":"fr-FR","@id":"https:\/\/secure.gravatar.com\/avatar\/2598158330a976b31e5b581a4635c26ae18352e1929a8998abd7bd3019b3bb27?s=96&d=mm&r=g","url":"https:\/\/secure.gravatar.com\/avatar\/2598158330a976b31e5b581a4635c26ae18352e1929a8998abd7bd3019b3bb27?s=96&d=mm&r=g","contentUrl":"https:\/\/secure.gravatar.com\/avatar\/2598158330a976b31e5b581a4635c26ae18352e1929a8998abd7bd3019b3bb27?s=96&d=mm&r=g","caption":"benjamin"},"sameAs":["http:\/\/dev.parcs-eoliens-enertrag.fr"],"url":"https:\/\/www.enertrag.fr\/bagatelle\/blog\/author\/benjamin\/"}]}},"_links":{"self":[{"href":"https:\/\/www.enertrag.fr\/bagatelle\/wp-json\/wp\/v2\/posts\/72","targetHints":{"allow":["GET"]}}],"collection":[{"href":"https:\/\/www.enertrag.fr\/bagatelle\/wp-json\/wp\/v2\/posts"}],"about":[{"href":"https:\/\/www.enertrag.fr\/bagatelle\/wp-json\/wp\/v2\/types\/post"}],"author":[{"embeddable":true,"href":"https:\/\/www.enertrag.fr\/bagatelle\/wp-json\/wp\/v2\/users\/1"}],"replies":[{"embeddable":true,"href":"https:\/\/www.enertrag.fr\/bagatelle\/wp-json\/wp\/v2\/comments?post=72"}],"version-history":[{"count":0,"href":"https:\/\/www.enertrag.fr\/bagatelle\/wp-json\/wp\/v2\/posts\/72\/revisions"}],"wp:featuredmedia":[{"embeddable":true,"href":"https:\/\/www.enertrag.fr\/bagatelle\/wp-json\/wp\/v2\/media\/723"}],"wp:attachment":[{"href":"https:\/\/www.enertrag.fr\/bagatelle\/wp-json\/wp\/v2\/media?parent=72"}],"wp:term":[{"taxonomy":"category","embeddable":true,"href":"https:\/\/www.enertrag.fr\/bagatelle\/wp-json\/wp\/v2\/categories?post=72"},{"taxonomy":"post_tag","embeddable":true,"href":"https:\/\/www.enertrag.fr\/bagatelle\/wp-json\/wp\/v2\/tags?post=72"}],"curies":[{"name":"wp","href":"https:\/\/api.w.org\/{rel}","templated":true}]}}